{"id":3163,"date":"2025-10-21T09:46:14","date_gmt":"2025-10-21T06:46:14","guid":{"rendered":"https:\/\/www.aue-stiftung.org\/?post_type=blog-post&#038;p=3163"},"modified":"2025-10-21T09:46:16","modified_gmt":"2025-10-21T06:46:16","slug":"juha-vaeyrynen-aue-saeaetioe-aikaansa-edellae-ennenkin","status":"publish","type":"blog-post","link":"https:\/\/www.aue-stiftung.org\/de\/blog\/juha-vaeyrynen-aue-saeaetioe-aikaansa-edellae-ennenkin\/","title":{"rendered":"Juha V\u00e4yrynen: Aue-S\u00e4\u00e4ti\u00f6 aikaansa edell\u00e4 ennenkin"},"content":{"rendered":"\n<figure class=\"wp-block-image size-large\"><img loading=\"lazy\" decoding=\"async\" width=\"1280\" height=\"320\" src=\"https:\/\/www.aue-stiftung.org\/wp-content\/uploads\/2025\/01\/Aue-40-LI-Banner-1280x320.png\" alt=\"\" class=\"wp-image-2865\" srcset=\"https:\/\/www.aue-stiftung.org\/wp-content\/uploads\/2025\/01\/Aue-40-LI-Banner-1280x320.png 1280w, https:\/\/www.aue-stiftung.org\/wp-content\/uploads\/2025\/01\/Aue-40-LI-Banner-640x160.png 640w, https:\/\/www.aue-stiftung.org\/wp-content\/uploads\/2025\/01\/Aue-40-LI-Banner-768x192.png 768w, https:\/\/www.aue-stiftung.org\/wp-content\/uploads\/2025\/01\/Aue-40-LI-Banner-1536x384.png 1536w, https:\/\/www.aue-stiftung.org\/wp-content\/uploads\/2025\/01\/Aue-40-LI-Banner.png 1584w\" sizes=\"auto, (max-width: 1280px) 100vw, 1280px\" \/><\/figure>\n\n\n\n<p><em>Aue-S\u00e4\u00e4ti\u00f6 t\u00e4ytt\u00e4\u00e4 40 vuotta. T\u00e4m\u00e4 blogiteksti on osa juhlavuoden postaussarjaa, jossa s\u00e4\u00e4ti\u00f6n yst\u00e4v\u00e4t ja sidosryhm\u00e4t jakavat muistojaan s\u00e4\u00e4ti\u00f6n ihmisist\u00e4, aktiviteeteista ja aikaansaannoksista.<\/em><\/p>\n\n\n\n<p>Aue-s\u00e4\u00e4ti\u00f6 on aina katsonut rohkeasti eteenp\u00e4in, silloinkin kun se j\u00e4rjesti ensimm\u00e4inen <strong>Snellman-seminaarinsa<\/strong> syksyll\u00e4 1993 upeassa Klingenthalin linnassa Elsassissa. Seminaarin aiheena oli \u201dSuomi ja Euroopan integraatio\u201d, ajankohtainen teema aikana, jolloin EU-j\u00e4senyys oli Suomelle viel\u00e4 avoin kysymys.<\/p>\n\n\n\n<p>Vaikka <strong>EU-j\u00e4senyys<\/strong> tuntui hiukan et\u00e4iselt\u00e4, asiat eteniv\u00e4t varsin ripe\u00e4sti. Lokakuun 1994 neuvoa-antavassa kansan\u00e4\u00e4nestyksess\u00e4 57 % suomalaisista kannatti EU-j\u00e4senyytt\u00e4, ja Suomesta tuli EU:n j\u00e4sen vuoden 1995 alusta. <strong>Theodor ja Ulla Aue<\/strong> olisivat varmasti olleet mieliss\u00e4\u00e4n integraatiokehityksest\u00e4.<\/p>\n\n\n\n<p>Snellman-seminaarin konseptissa n\u00e4kyi toiminnanjohtaja <strong>Waltraud Bastman-B\u00fchnerin<\/strong> k\u00e4den j\u00e4lki. Jokainen osallistuja piti osaamisalueeseensa kuuluvan esityksen seminaarin teemasta; oma esitykseni k\u00e4sitteli Suomen oikeusj\u00e4rjestelm\u00e4n harmonisointitarvetta. Osallistujista puolet oli Suomesta ja puolet Saksasta. Saksalaisena yhteisty\u00f6kumppanina oli hampurilainen <strong>Alfred Toepfer Stiftung<\/strong>.<\/p>\n\n\n\n<p>Tiivis yhdess\u00e4olo viikon aikana loi my\u00f6s hienoja yst\u00e4vyyksi\u00e4. Erityisesti keskustelumme Keskuskauppakamarin silloisen toimitusjohtajan <strong>Matti Auran<\/strong> ja puolustusministeri\u00f6n silloisen erikoistutkijan <strong>Risto E. J. Penttil\u00e4n<\/strong> kanssa j\u00e4iv\u00e4t mieleen. Heist\u00e4 kumpikin siirtyi melko pian seminaarin j\u00e4lkeen politiikkaan: Matti Aurasta tuli Kokoomuksen kansanedustaja 1995 ja liikenneministeri 1997, Risto E. J. Penttil\u00e4st\u00e4 puolestaan vastaperustetun Nuorsuomalaisen puolueen puheenjohtaja ja kansanedustaja 1995. N\u00e4in he kumpikin p\u00e4\u00e4siv\u00e4t edist\u00e4m\u00e4\u00e4n Suomen EU-integraatiota n\u00e4k\u00f6alapaikoilta.<\/p>\n\n\n\n<p>Aue-S\u00e4\u00e4ti\u00f6 on julkaissut tuon Snellman-seminaarin esitykset nimell\u00e4 \u201dFinnland und die europ\u00e4ische Integration I\u201d, ja julkaisu l\u00f6ytyy numerolla 4 s\u00e4\u00e4ti\u00f6n kotisivuilta. Tutustu my\u00f6s muihin Aue-s\u00e4\u00e4ti\u00f6n julkaisuihin t\u00e4\u00e4ll\u00e4: www.aue-stiftung.org\/tutkimus-ja-julkaisut\/julkaisut\/<\/p>\n\n\n\n<p><strong>Juha V\u00e4yrynen<\/strong><\/p>\n\n\n\n<p><em>Varatuomari Juha V\u00e4yrynen on yritysj\u00e4rjestelyjen asiantuntija, jolla on erityisosaamista mm. energia-, tele- ja apteekkialojen tuntijana. H\u00e4n toimii aktiivisesti kansainv\u00e4lisiss\u00e4 lakimiesverkostoissa, mm. Saksalais-pohjoismaisen lakimiesyhdistyksen hallituksen puheenjohtajana. H\u00e4n on ollut Aue-S\u00e4\u00e4ti\u00f6n hallituksen j\u00e4senen\u00e4 vuodesta 2001 l\u00e4htien ja toimii t\u00e4ll\u00e4 hetkell\u00e4 s\u00e4\u00e4ti\u00f6n varapuheenjohtajana.<\/em><\/p>\n","protected":false},"template":"","categories":[],"tags":[],"class_list":["post-3163","blog-post","type-blog-post","status-publish","hentry"],"acf":[],"yoast_head":"<!-- This site is optimized with the Yoast SEO plugin v27.5 - https:\/\/yoast.com\/product\/yoast-seo-wordpress\/ -->\n<title>Juha V\u00e4yrynen: Aue-S\u00e4\u00e4ti\u00f6 aikaansa edell\u00e4 ennenkin &#183; Aue-Stiftung<\/title>\n<meta name=\"robots\" content=\"index, follow, max-snippet:-1, max-image-preview:large, max-video-preview:-1\" \/>\n<link rel=\"canonical\" href=\"https:\/\/www.aue-stiftung.org\/de\/blog\/juha-vaeyrynen-aue-saeaetioe-aikaansa-edellae-ennenkin\/\" \/>\n<meta property=\"og:locale\" content=\"de_DE\" \/>\n<meta property=\"og:type\" content=\"article\" \/>\n<meta property=\"og:title\" content=\"Juha V\u00e4yrynen: Aue-S\u00e4\u00e4ti\u00f6 aikaansa edell\u00e4 ennenkin &#183; Aue-Stiftung\" \/>\n<meta property=\"og:description\" content=\"Aue-S\u00e4\u00e4ti\u00f6 t\u00e4ytt\u00e4\u00e4 40 vuotta. T\u00e4m\u00e4 blogiteksti on osa juhlavuoden postaussarjaa, jossa s\u00e4\u00e4ti\u00f6n yst\u00e4v\u00e4t ja sidosryhm\u00e4t jakavat muistojaan s\u00e4\u00e4ti\u00f6n ihmisist\u00e4, aktiviteeteista ja aikaansaannoksista. Aue-s\u00e4\u00e4ti\u00f6 on aina katsonut rohkeasti eteenp\u00e4in, silloinkin kun se j\u00e4rjesti ensimm\u00e4inen Snellman-seminaarinsa syksyll\u00e4 1993 upeassa Klingenthalin linnassa Elsassissa. Seminaarin aiheena oli \u201dSuomi ja Euroopan integraatio\u201d, ajankohtainen teema aikana, jolloin EU-j\u00e4senyys oli Suomelle viel\u00e4 [&hellip;]\" \/>\n<meta property=\"og:url\" content=\"https:\/\/www.aue-stiftung.org\/de\/blog\/juha-vaeyrynen-aue-saeaetioe-aikaansa-edellae-ennenkin\/\" \/>\n<meta property=\"og:site_name\" content=\"Aue-Stiftung\" \/>\n<meta property=\"article:publisher\" content=\"https:\/\/www.facebook.com\/Auestiftung\/\" \/>\n<meta property=\"article:modified_time\" content=\"2025-10-21T06:46:16+00:00\" \/>\n<meta property=\"og:image\" content=\"https:\/\/www.aue-stiftung.org\/wp-content\/uploads\/2025\/01\/Aue-40-LI-Banner.png\" \/>\n\t<meta property=\"og:image:width\" content=\"1584\" \/>\n\t<meta property=\"og:image:height\" content=\"396\" \/>\n\t<meta property=\"og:image:type\" content=\"image\/png\" \/>\n<meta name=\"twitter:card\" content=\"summary_large_image\" \/>\n<meta name=\"twitter:label1\" content=\"Gesch\u00e4tzte Lesezeit\" \/>\n\t<meta name=\"twitter:data1\" content=\"2\u00a0Minuten\" \/>\n<script type=\"application\/ld+json\" class=\"yoast-schema-graph\">{\"@context\":\"https:\\\/\\\/schema.org\",\"@graph\":[{\"@type\":\"WebPage\",\"@id\":\"https:\\\/\\\/www.aue-stiftung.org\\\/de\\\/blog\\\/juha-vaeyrynen-aue-saeaetioe-aikaansa-edellae-ennenkin\\\/\",\"url\":\"https:\\\/\\\/www.aue-stiftung.org\\\/de\\\/blog\\\/juha-vaeyrynen-aue-saeaetioe-aikaansa-edellae-ennenkin\\\/\",\"name\":\"Juha V\u00e4yrynen: Aue-S\u00e4\u00e4ti\u00f6 aikaansa edell\u00e4 ennenkin &#183; Aue-Stiftung\",\"isPartOf\":{\"@id\":\"https:\\\/\\\/www.aue-stiftung.org\\\/de\\\/#website\"},\"primaryImageOfPage\":{\"@id\":\"https:\\\/\\\/www.aue-stiftung.org\\\/de\\\/blog\\\/juha-vaeyrynen-aue-saeaetioe-aikaansa-edellae-ennenkin\\\/#primaryimage\"},\"image\":{\"@id\":\"https:\\\/\\\/www.aue-stiftung.org\\\/de\\\/blog\\\/juha-vaeyrynen-aue-saeaetioe-aikaansa-edellae-ennenkin\\\/#primaryimage\"},\"thumbnailUrl\":\"https:\\\/\\\/www.aue-stiftung.org\\\/wp-content\\\/uploads\\\/2025\\\/01\\\/Aue-40-LI-Banner-1280x320.png\",\"datePublished\":\"2025-10-21T06:46:14+00:00\",\"dateModified\":\"2025-10-21T06:46:16+00:00\",\"breadcrumb\":{\"@id\":\"https:\\\/\\\/www.aue-stiftung.org\\\/de\\\/blog\\\/juha-vaeyrynen-aue-saeaetioe-aikaansa-edellae-ennenkin\\\/#breadcrumb\"},\"inLanguage\":\"de\",\"potentialAction\":[{\"@type\":\"ReadAction\",\"target\":[\"https:\\\/\\\/www.aue-stiftung.org\\\/de\\\/blog\\\/juha-vaeyrynen-aue-saeaetioe-aikaansa-edellae-ennenkin\\\/\"]}]},{\"@type\":\"ImageObject\",\"inLanguage\":\"de\",\"@id\":\"https:\\\/\\\/www.aue-stiftung.org\\\/de\\\/blog\\\/juha-vaeyrynen-aue-saeaetioe-aikaansa-edellae-ennenkin\\\/#primaryimage\",\"url\":\"https:\\\/\\\/www.aue-stiftung.org\\\/wp-content\\\/uploads\\\/2025\\\/01\\\/Aue-40-LI-Banner-1280x320.png\",\"contentUrl\":\"https:\\\/\\\/www.aue-stiftung.org\\\/wp-content\\\/uploads\\\/2025\\\/01\\\/Aue-40-LI-Banner-1280x320.png\"},{\"@type\":\"BreadcrumbList\",\"@id\":\"https:\\\/\\\/www.aue-stiftung.org\\\/de\\\/blog\\\/juha-vaeyrynen-aue-saeaetioe-aikaansa-edellae-ennenkin\\\/#breadcrumb\",\"itemListElement\":[{\"@type\":\"ListItem\",\"position\":1,\"name\":\"Home\",\"item\":\"https:\\\/\\\/www.aue-stiftung.org\\\/de\\\/\"},{\"@type\":\"ListItem\",\"position\":2,\"name\":\"Blog\",\"item\":\"https:\\\/\\\/www.aue-stiftung.org\\\/de\\\/blog\\\/\"},{\"@type\":\"ListItem\",\"position\":3,\"name\":\"Juha V\u00e4yrynen: Aue-S\u00e4\u00e4ti\u00f6 aikaansa edell\u00e4 ennenkin\"}]},{\"@type\":\"WebSite\",\"@id\":\"https:\\\/\\\/www.aue-stiftung.org\\\/de\\\/#website\",\"url\":\"https:\\\/\\\/www.aue-stiftung.org\\\/de\\\/\",\"name\":\"Aue-Stiftung\",\"description\":\"\",\"publisher\":{\"@id\":\"https:\\\/\\\/www.aue-stiftung.org\\\/de\\\/#organization\"},\"potentialAction\":[{\"@type\":\"SearchAction\",\"target\":{\"@type\":\"EntryPoint\",\"urlTemplate\":\"https:\\\/\\\/www.aue-stiftung.org\\\/de\\\/?s={search_term_string}\"},\"query-input\":{\"@type\":\"PropertyValueSpecification\",\"valueRequired\":true,\"valueName\":\"search_term_string\"}}],\"inLanguage\":\"de\"},{\"@type\":\"Organization\",\"@id\":\"https:\\\/\\\/www.aue-stiftung.org\\\/de\\\/#organization\",\"name\":\"Aue-S\u00e4\u00e4ti\u00f6\",\"url\":\"https:\\\/\\\/www.aue-stiftung.org\\\/de\\\/\",\"logo\":{\"@type\":\"ImageObject\",\"inLanguage\":\"de\",\"@id\":\"https:\\\/\\\/www.aue-stiftung.org\\\/de\\\/#\\\/schema\\\/logo\\\/image\\\/\",\"url\":\"https:\\\/\\\/www.aue-stiftung.org\\\/wp-content\\\/uploads\\\/aue-logo-header-1.svg\",\"contentUrl\":\"https:\\\/\\\/www.aue-stiftung.org\\\/wp-content\\\/uploads\\\/aue-logo-header-1.svg\",\"width\":61,\"height\":57,\"caption\":\"Aue-S\u00e4\u00e4ti\u00f6\"},\"image\":{\"@id\":\"https:\\\/\\\/www.aue-stiftung.org\\\/de\\\/#\\\/schema\\\/logo\\\/image\\\/\"},\"sameAs\":[\"https:\\\/\\\/www.facebook.com\\\/Auestiftung\\\/\",\"https:\\\/\\\/www.instagram.com\\\/auesaatio\\\/\",\"https:\\\/\\\/www.youtube.com\\\/channel\\\/UCBs3420HmSwk9w4MaRF83zA\"]}]}<\/script>\n<!-- \/ Yoast SEO plugin. -->","yoast_head_json":{"title":"Juha V\u00e4yrynen: Aue-S\u00e4\u00e4ti\u00f6 aikaansa edell\u00e4 ennenkin &#183; Aue-Stiftung","robots":{"index":"index","follow":"follow","max-snippet":"max-snippet:-1","max-image-preview":"max-image-preview:large","max-video-preview":"max-video-preview:-1"},"canonical":"https:\/\/www.aue-stiftung.org\/de\/blog\/juha-vaeyrynen-aue-saeaetioe-aikaansa-edellae-ennenkin\/","og_locale":"de_DE","og_type":"article","og_title":"Juha V\u00e4yrynen: Aue-S\u00e4\u00e4ti\u00f6 aikaansa edell\u00e4 ennenkin &#183; Aue-Stiftung","og_description":"Aue-S\u00e4\u00e4ti\u00f6 t\u00e4ytt\u00e4\u00e4 40 vuotta. T\u00e4m\u00e4 blogiteksti on osa juhlavuoden postaussarjaa, jossa s\u00e4\u00e4ti\u00f6n yst\u00e4v\u00e4t ja sidosryhm\u00e4t jakavat muistojaan s\u00e4\u00e4ti\u00f6n ihmisist\u00e4, aktiviteeteista ja aikaansaannoksista. Aue-s\u00e4\u00e4ti\u00f6 on aina katsonut rohkeasti eteenp\u00e4in, silloinkin kun se j\u00e4rjesti ensimm\u00e4inen Snellman-seminaarinsa syksyll\u00e4 1993 upeassa Klingenthalin linnassa Elsassissa. Seminaarin aiheena oli \u201dSuomi ja Euroopan integraatio\u201d, ajankohtainen teema aikana, jolloin EU-j\u00e4senyys oli Suomelle viel\u00e4 [&hellip;]","og_url":"https:\/\/www.aue-stiftung.org\/de\/blog\/juha-vaeyrynen-aue-saeaetioe-aikaansa-edellae-ennenkin\/","og_site_name":"Aue-Stiftung","article_publisher":"https:\/\/www.facebook.com\/Auestiftung\/","article_modified_time":"2025-10-21T06:46:16+00:00","og_image":[{"width":1584,"height":396,"url":"https:\/\/www.aue-stiftung.org\/wp-content\/uploads\/2025\/01\/Aue-40-LI-Banner.png","type":"image\/png"}],"twitter_card":"summary_large_image","twitter_misc":{"Gesch\u00e4tzte Lesezeit":"2\u00a0Minuten"},"schema":{"@context":"https:\/\/schema.org","@graph":[{"@type":"WebPage","@id":"https:\/\/www.aue-stiftung.org\/de\/blog\/juha-vaeyrynen-aue-saeaetioe-aikaansa-edellae-ennenkin\/","url":"https:\/\/www.aue-stiftung.org\/de\/blog\/juha-vaeyrynen-aue-saeaetioe-aikaansa-edellae-ennenkin\/","name":"Juha V\u00e4yrynen: Aue-S\u00e4\u00e4ti\u00f6 aikaansa edell\u00e4 ennenkin &#183; Aue-Stiftung","isPartOf":{"@id":"https:\/\/www.aue-stiftung.org\/de\/#website"},"primaryImageOfPage":{"@id":"https:\/\/www.aue-stiftung.org\/de\/blog\/juha-vaeyrynen-aue-saeaetioe-aikaansa-edellae-ennenkin\/#primaryimage"},"image":{"@id":"https:\/\/www.aue-stiftung.org\/de\/blog\/juha-vaeyrynen-aue-saeaetioe-aikaansa-edellae-ennenkin\/#primaryimage"},"thumbnailUrl":"https:\/\/www.aue-stiftung.org\/wp-content\/uploads\/2025\/01\/Aue-40-LI-Banner-1280x320.png","datePublished":"2025-10-21T06:46:14+00:00","dateModified":"2025-10-21T06:46:16+00:00","breadcrumb":{"@id":"https:\/\/www.aue-stiftung.org\/de\/blog\/juha-vaeyrynen-aue-saeaetioe-aikaansa-edellae-ennenkin\/#breadcrumb"},"inLanguage":"de","potentialAction":[{"@type":"ReadAction","target":["https:\/\/www.aue-stiftung.org\/de\/blog\/juha-vaeyrynen-aue-saeaetioe-aikaansa-edellae-ennenkin\/"]}]},{"@type":"ImageObject","inLanguage":"de","@id":"https:\/\/www.aue-stiftung.org\/de\/blog\/juha-vaeyrynen-aue-saeaetioe-aikaansa-edellae-ennenkin\/#primaryimage","url":"https:\/\/www.aue-stiftung.org\/wp-content\/uploads\/2025\/01\/Aue-40-LI-Banner-1280x320.png","contentUrl":"https:\/\/www.aue-stiftung.org\/wp-content\/uploads\/2025\/01\/Aue-40-LI-Banner-1280x320.png"},{"@type":"BreadcrumbList","@id":"https:\/\/www.aue-stiftung.org\/de\/blog\/juha-vaeyrynen-aue-saeaetioe-aikaansa-edellae-ennenkin\/#breadcrumb","itemListElement":[{"@type":"ListItem","position":1,"name":"Home","item":"https:\/\/www.aue-stiftung.org\/de\/"},{"@type":"ListItem","position":2,"name":"Blog","item":"https:\/\/www.aue-stiftung.org\/de\/blog\/"},{"@type":"ListItem","position":3,"name":"Juha V\u00e4yrynen: Aue-S\u00e4\u00e4ti\u00f6 aikaansa edell\u00e4 ennenkin"}]},{"@type":"WebSite","@id":"https:\/\/www.aue-stiftung.org\/de\/#website","url":"https:\/\/www.aue-stiftung.org\/de\/","name":"Aue-Stiftung","description":"","publisher":{"@id":"https:\/\/www.aue-stiftung.org\/de\/#organization"},"potentialAction":[{"@type":"SearchAction","target":{"@type":"EntryPoint","urlTemplate":"https:\/\/www.aue-stiftung.org\/de\/?s={search_term_string}"},"query-input":{"@type":"PropertyValueSpecification","valueRequired":true,"valueName":"search_term_string"}}],"inLanguage":"de"},{"@type":"Organization","@id":"https:\/\/www.aue-stiftung.org\/de\/#organization","name":"Aue-S\u00e4\u00e4ti\u00f6","url":"https:\/\/www.aue-stiftung.org\/de\/","logo":{"@type":"ImageObject","inLanguage":"de","@id":"https:\/\/www.aue-stiftung.org\/de\/#\/schema\/logo\/image\/","url":"https:\/\/www.aue-stiftung.org\/wp-content\/uploads\/aue-logo-header-1.svg","contentUrl":"https:\/\/www.aue-stiftung.org\/wp-content\/uploads\/aue-logo-header-1.svg","width":61,"height":57,"caption":"Aue-S\u00e4\u00e4ti\u00f6"},"image":{"@id":"https:\/\/www.aue-stiftung.org\/de\/#\/schema\/logo\/image\/"},"sameAs":["https:\/\/www.facebook.com\/Auestiftung\/","https:\/\/www.instagram.com\/auesaatio\/","https:\/\/www.youtube.com\/channel\/UCBs3420HmSwk9w4MaRF83zA"]}]}},"_links":{"self":[{"href":"https:\/\/www.aue-stiftung.org\/de\/wp-json\/wp\/v2\/blog-post\/3163","targetHints":{"allow":["GET"]}}],"collection":[{"href":"https:\/\/www.aue-stiftung.org\/de\/wp-json\/wp\/v2\/blog-post"}],"about":[{"href":"https:\/\/www.aue-stiftung.org\/de\/wp-json\/wp\/v2\/types\/blog-post"}],"version-history":[{"count":1,"href":"https:\/\/www.aue-stiftung.org\/de\/wp-json\/wp\/v2\/blog-post\/3163\/revisions"}],"predecessor-version":[{"id":3164,"href":"https:\/\/www.aue-stiftung.org\/de\/wp-json\/wp\/v2\/blog-post\/3163\/revisions\/3164"}],"wp:attachment":[{"href":"https:\/\/www.aue-stiftung.org\/de\/wp-json\/wp\/v2\/media?parent=3163"}],"wp:term":[{"taxonomy":"category","embeddable":true,"href":"https:\/\/www.aue-stiftung.org\/de\/wp-json\/wp\/v2\/categories?post=3163"},{"taxonomy":"post_tag","embeddable":true,"href":"https:\/\/www.aue-stiftung.org\/de\/wp-json\/wp\/v2\/tags?post=3163"}],"curies":[{"name":"wp","href":"https:\/\/api.w.org\/{rel}","templated":true}]}}