{"id":2832,"date":"2024-11-29T14:52:55","date_gmt":"2024-11-29T12:52:55","guid":{"rendered":"https:\/\/www.aue-stiftung.org\/?p=2832"},"modified":"2024-12-03T11:58:13","modified_gmt":"2024-12-03T09:58:13","slug":"anke-michler-janhunen-nekrolog-auf-prof-dr-doerte-putensen","status":"publish","type":"post","link":"https:\/\/www.aue-stiftung.org\/de\/ajankohtaista\/anke-michler-janhunen-nekrolog-auf-prof-dr-doerte-putensen\/","title":{"rendered":"Anke Michler-Janhunen: Nekrolog auf Prof. Dr. D\u00f6rte Putensen"},"content":{"rendered":"\n<p><strong>Prof. Dr. phil. habil. D\u00f6rte Putensen \u2020 (20.4.1949-25.11.2024)<\/strong><\/p>\n\n\n\n<figure class=\"wp-block-image size-large is-resized\"><img loading=\"lazy\" decoding=\"async\" width=\"853\" height=\"1280\" src=\"https:\/\/www.aue-stiftung.org\/wp-content\/uploads\/2024\/11\/Doerte-Putensen-853x1280.jpg\" alt=\"\" class=\"wp-image-2836\" style=\"width:409px;height:auto\" srcset=\"https:\/\/www.aue-stiftung.org\/wp-content\/uploads\/2024\/11\/Doerte-Putensen-853x1280.jpg 853w, https:\/\/www.aue-stiftung.org\/wp-content\/uploads\/2024\/11\/Doerte-Putensen-427x640.jpg 427w, https:\/\/www.aue-stiftung.org\/wp-content\/uploads\/2024\/11\/Doerte-Putensen-768x1152.jpg 768w, https:\/\/www.aue-stiftung.org\/wp-content\/uploads\/2024\/11\/Doerte-Putensen.jpg 972w\" sizes=\"auto, (max-width: 853px) 100vw, 853px\" \/><figcaption class=\"wp-element-caption\">Foto: Marjaliisa Hentil\u00e4, bearbeitet von der Aue-Stiftung<\/figcaption><\/figure>\n\n\n\n<p>Privat und beruflich hatte D\u00f6rte Putensen \u201eFinnland im Blick\u201c, besch\u00e4ftigte sich die Professorin f\u00fcr Allgemeine Geschichte der neuesten Zeit doch immer wieder mit Finnland und den deutsch-finnischen Beziehungen. Unter gleichem Titel ver\u00f6ffentlichte die Deutsch-Finnische Gesellschaft 2014 zum 65. Geburtstag von D\u00f6rte Putensen eine Festschrift (hrsg. von Manfred Menger und Burkhart E. Poser). Geboren in Rostock besuchte sie dort zun\u00e4chst die einzige Erweiterte Oberschule der DDR mit obligatorischem Schwedischunterricht und studierte 1967-1971 an der Sektion Nordeuropawissenschaften der Ernst-Moritz-Arndt-Universit\u00e4t Greifswald. Das damit einhergehende Studium der finnischen Sprache und Landeskunde weckte in ihr eine bis an ihr Lebensende anhaltende \u201esystemrelevante Finnlandbegeisterung\u201c. Ein Forschungsschwerpunkt war die Geschichte der internationalen, insbesondere der nordischen Sozialdemokratie.<\/p>\n\n\n\n<p>\u201eFix im Denken, effektiv im Handeln\u201c stellte sie ihr Organisationstalent nicht nur als gesch\u00e4tzte Lehrende im Fach Allgemeine Geschichte unter Beweis, sondern auch bei der Organisation der zwischen 1973 und 1990 durchgef\u00fchrten zw\u00f6lf gemeinsamen Historiker-Seminare der DDR und der Republik Finnland gemeinsam mit Prof. Manfred Menger. Die Wende und die damit einhergehende \u201efl\u00e4chendeckende Eliminierung der DDR-Geschichtswissenschaft\u201c bereiteten ihrer sich seit 1971 vielversprechend entwickelnden Karriere an der Universit\u00e4t Greifswald ein j\u00e4hes Ende. D\u00f6rte musste sich diverser Prozeduren der politischen, pers\u00f6nlichen und fachlichen \u00dcberpr\u00fcfung durch die \u201eEhrenkommission\u201c unterziehen und sah sich einer Flut pauschalisierender Unterstellungen gegen\u00fcber. Aufrecht f\u00fchrte sie einen jahrelangen Kampf und Rechtsstreit um die Bewahrung ihrer beruflichen Existenz. Sie war ma\u00dfgeblich daran beteiligt, Finnlandhistoriker aus Ost und West zusammenzuf\u00fchren und die nun gesamtdeutsch-finnischen Historikersymposien fortzuf\u00fchren. Ungeachtet ihrer Fachkompetenz und ihrer wissenschaftlichen Reputation weit \u00fcber die Landesgrenzen hinaus wurde D\u00f6rte zum 30. September 2000 von der Universit\u00e4t Greifswald entlassen. Mit 51 Jahren verlor sie ihre berufliche Existenz, nicht jedoch ihren Optimismus und Kampfeswillen. 2004 verlieh ihr die Universit\u00e4t Rostock den Titel einer Au\u00dferplanm\u00e4\u00dfigen Professorin f\u00fcr das Fachgebiet Allgemeine Geschichte der Neuesten Zeit. Bereits seit 2001war sie als Referentin f\u00fcr Bildung, Jugend und Sport, sp\u00e4ter zudem f\u00fcr Wissenschaft, Forschung und Kultur in der Fraktion der Linken im Brandenburgischen Landtag t\u00e4tig. Sie organisierte bildungspolitische Studienreisen nach Finnland, war im Vorstand der Rosa-Luxemburg-Stiftung Brandenburg aktiv und wurde in den Beirat des Finnland-Institutes in Deutschland berufen.<\/p>\n\n\n\n<p>Die Deutsch-Finnische Gesellschaft trauert um eine aktive Mitstreiterin, eine profunde Finnlandkennerin und einen Menschen, der bei jedem, der sie kennenlernen durfte, bleibenden Eindruck hinterlie\u00df. Unser Mitgef\u00fchl gilt ihrem Ehemann, Gregor Putensen, ihrer Familie und all ihren Freunden.<\/p>\n\n\n\n<p>Alle Zitate: \u201e<em>Finnland im Blick. Historische und zeitgeschichtliche Studien. Festschrift f\u00fcr D\u00f6rte Putensen zum 65. Geburtstag<\/em>. Herausgeber: Deutsch-Finnische Gesellschaft e.V., Redaktion: Manfred Menger und Burkhart E. Poser. SAXA Verlag, Berlin 2014, 370 Seiten. ISBN 978-3-939060-48-2.<\/p>\n\n\n\n<p>In der Schriftenreihe der Deutsch-Finnischen Gesellschaft erschien 2000 ihr Band \u201e<em>Im Konfliktfeld zwischen Ost und West: Finnland, der Kalte Krieg und die deutsche Frage (1947-1973)\u201c,<\/em> der zum ersten Mal ein Gesamtbild der deutsch-finnischen Beziehungen nach dem Ende des Zweiten Weltkriegs lieferte.<\/p>\n\n\n\n<p>Im Jahr 2022 erschien ihr letztes Buch <em>\u201eDer Finnland-Goltz \u2013 Graf R\u00fcdiger von der Goltz und das wei\u00dfe Finnland\u201c<\/em> (Aue-Ver\u00f6ffentlichung Bd. 44).<\/p>\n\n\n\n<figure class=\"wp-block-image size-large is-resized\"><img loading=\"lazy\" decoding=\"async\" width=\"886\" height=\"1280\" src=\"https:\/\/www.aue-stiftung.org\/wp-content\/uploads\/2024\/11\/Goltz-kuva-886x1280.jpg\" alt=\"\" class=\"wp-image-2833\" style=\"width:418px;height:auto\" srcset=\"https:\/\/www.aue-stiftung.org\/wp-content\/uploads\/2024\/11\/Goltz-kuva-886x1280.jpg 886w, https:\/\/www.aue-stiftung.org\/wp-content\/uploads\/2024\/11\/Goltz-kuva-443x640.jpg 443w, https:\/\/www.aue-stiftung.org\/wp-content\/uploads\/2024\/11\/Goltz-kuva-768x1109.jpg 768w, https:\/\/www.aue-stiftung.org\/wp-content\/uploads\/2024\/11\/Goltz-kuva-1064x1536.jpg 1064w, https:\/\/www.aue-stiftung.org\/wp-content\/uploads\/2024\/11\/Goltz-kuva.jpg 1139w\" sizes=\"auto, (max-width: 886px) 100vw, 886px\" \/><\/figure>\n\n\n\n<p>Weitere Werke: <a href=\"https:\/\/portal.dnb.de\/opac\/simpleSearch?query=D%C3%B6rte+Putensen\">https:\/\/portal.dnb.de\/opac\/simpleSearch?query=D%C3%B6rte+Putensen<\/a><\/p>\n\n\n\n<p><strong>Anke Michler-Janhunen<\/strong>, D\u00f6rtes ehemalige Studentin<\/p>\n\n\n\n<p>ver\u00f6ffentlicht in der Deutsch-Finnischen Rundschau Nr. 204<\/p>\n\n\n\n<p><\/p>\n","protected":false},"excerpt":{"rendered":"<p>Prof. Dr. phil. habil. D\u00f6rte Putensen \u2020 (20.4.1949-25.11.2024) Privat und beruflich hatte D\u00f6rte Putensen \u201eFinnland im Blick\u201c, besch\u00e4ftigte sich die Professorin f\u00fcr Allgemeine Geschichte der neuesten Zeit doch immer wieder mit Finnland und den deutsch-finnischen Beziehungen. Unter gleichem Titel ver\u00f6ffentlichte die Deutsch-Finnische Gesellschaft 2014 zum 65. Geburtstag von D\u00f6rte Putensen eine Festschrift (hrsg. von Manfred [&hellip;]<\/p>\n","protected":false},"author":7,"featured_media":0,"comment_status":"closed","ping_status":"closed","sticky":false,"template":"","format":"standard","meta":{"_acf_changed":false,"footnotes":""},"categories":[15],"tags":[],"class_list":["post-2832","post","type-post","status-publish","format-standard","hentry","category-unkategorisiert"],"acf":[],"yoast_head":"<!-- This site is optimized with the Yoast SEO plugin v27.5 - https:\/\/yoast.com\/product\/yoast-seo-wordpress\/ -->\n<title>Anke Michler-Janhunen: Nekrolog auf Prof. Dr. D\u00f6rte Putensen &#183; Aue-Stiftung<\/title>\n<meta name=\"robots\" content=\"index, follow, max-snippet:-1, max-image-preview:large, max-video-preview:-1\" \/>\n<link rel=\"canonical\" href=\"https:\/\/www.aue-stiftung.org\/de\/ajankohtaista\/anke-michler-janhunen-nekrolog-auf-prof-dr-doerte-putensen\/\" \/>\n<meta property=\"og:locale\" content=\"de_DE\" \/>\n<meta property=\"og:type\" content=\"article\" \/>\n<meta property=\"og:title\" content=\"Anke Michler-Janhunen: Nekrolog auf Prof. Dr. D\u00f6rte Putensen &#183; Aue-Stiftung\" \/>\n<meta property=\"og:description\" content=\"Prof. Dr. phil. habil. D\u00f6rte Putensen \u2020 (20.4.1949-25.11.2024) Privat und beruflich hatte D\u00f6rte Putensen \u201eFinnland im Blick\u201c, besch\u00e4ftigte sich die Professorin f\u00fcr Allgemeine Geschichte der neuesten Zeit doch immer wieder mit Finnland und den deutsch-finnischen Beziehungen. Unter gleichem Titel ver\u00f6ffentlichte die Deutsch-Finnische Gesellschaft 2014 zum 65. Geburtstag von D\u00f6rte Putensen eine Festschrift (hrsg. von Manfred [&hellip;]\" \/>\n<meta property=\"og:url\" content=\"https:\/\/www.aue-stiftung.org\/de\/ajankohtaista\/anke-michler-janhunen-nekrolog-auf-prof-dr-doerte-putensen\/\" \/>\n<meta property=\"og:site_name\" content=\"Aue-Stiftung\" \/>\n<meta property=\"article:publisher\" content=\"https:\/\/www.facebook.com\/Auestiftung\/\" \/>\n<meta property=\"article:published_time\" content=\"2024-11-29T12:52:55+00:00\" \/>\n<meta property=\"article:modified_time\" content=\"2024-12-03T09:58:13+00:00\" \/>\n<meta property=\"og:image\" content=\"https:\/\/www.aue-stiftung.org\/wp-content\/uploads\/2024\/11\/Doerte-Putensen.jpg\" \/>\n\t<meta property=\"og:image:width\" content=\"972\" \/>\n\t<meta property=\"og:image:height\" content=\"1458\" \/>\n\t<meta property=\"og:image:type\" content=\"image\/jpeg\" \/>\n<meta name=\"author\" content=\"hovilainen@aue-stiftung.org\" \/>\n<meta name=\"twitter:card\" content=\"summary_large_image\" \/>\n<meta name=\"twitter:label1\" content=\"Verfasst von\" \/>\n\t<meta name=\"twitter:data1\" content=\"hovilainen@aue-stiftung.org\" \/>\n\t<meta name=\"twitter:label2\" content=\"Gesch\u00e4tzte Lesezeit\" \/>\n\t<meta name=\"twitter:data2\" content=\"4\u00a0Minuten\" \/>\n<script type=\"application\/ld+json\" class=\"yoast-schema-graph\">{\"@context\":\"https:\\\/\\\/schema.org\",\"@graph\":[{\"@type\":\"Article\",\"@id\":\"https:\\\/\\\/www.aue-stiftung.org\\\/de\\\/ajankohtaista\\\/anke-michler-janhunen-nekrolog-auf-prof-dr-doerte-putensen\\\/#article\",\"isPartOf\":{\"@id\":\"https:\\\/\\\/www.aue-stiftung.org\\\/de\\\/ajankohtaista\\\/anke-michler-janhunen-nekrolog-auf-prof-dr-doerte-putensen\\\/\"},\"author\":{\"name\":\"hovilainen@aue-stiftung.org\",\"@id\":\"https:\\\/\\\/www.aue-stiftung.org\\\/de\\\/#\\\/schema\\\/person\\\/cbfc8097b92d6ab28a583ec10daccf0c\"},\"headline\":\"Anke Michler-Janhunen: Nekrolog auf Prof. Dr. D\u00f6rte Putensen\",\"datePublished\":\"2024-11-29T12:52:55+00:00\",\"dateModified\":\"2024-12-03T09:58:13+00:00\",\"mainEntityOfPage\":{\"@id\":\"https:\\\/\\\/www.aue-stiftung.org\\\/de\\\/ajankohtaista\\\/anke-michler-janhunen-nekrolog-auf-prof-dr-doerte-putensen\\\/\"},\"wordCount\":551,\"publisher\":{\"@id\":\"https:\\\/\\\/www.aue-stiftung.org\\\/de\\\/#organization\"},\"image\":{\"@id\":\"https:\\\/\\\/www.aue-stiftung.org\\\/de\\\/ajankohtaista\\\/anke-michler-janhunen-nekrolog-auf-prof-dr-doerte-putensen\\\/#primaryimage\"},\"thumbnailUrl\":\"https:\\\/\\\/www.aue-stiftung.org\\\/wp-content\\\/uploads\\\/2024\\\/11\\\/Doerte-Putensen-853x1280.jpg\",\"articleSection\":[\"Unkategorisiert\"],\"inLanguage\":\"de\"},{\"@type\":\"WebPage\",\"@id\":\"https:\\\/\\\/www.aue-stiftung.org\\\/de\\\/ajankohtaista\\\/anke-michler-janhunen-nekrolog-auf-prof-dr-doerte-putensen\\\/\",\"url\":\"https:\\\/\\\/www.aue-stiftung.org\\\/de\\\/ajankohtaista\\\/anke-michler-janhunen-nekrolog-auf-prof-dr-doerte-putensen\\\/\",\"name\":\"Anke Michler-Janhunen: Nekrolog auf Prof. Dr. D\u00f6rte Putensen &#183; Aue-Stiftung\",\"isPartOf\":{\"@id\":\"https:\\\/\\\/www.aue-stiftung.org\\\/de\\\/#website\"},\"primaryImageOfPage\":{\"@id\":\"https:\\\/\\\/www.aue-stiftung.org\\\/de\\\/ajankohtaista\\\/anke-michler-janhunen-nekrolog-auf-prof-dr-doerte-putensen\\\/#primaryimage\"},\"image\":{\"@id\":\"https:\\\/\\\/www.aue-stiftung.org\\\/de\\\/ajankohtaista\\\/anke-michler-janhunen-nekrolog-auf-prof-dr-doerte-putensen\\\/#primaryimage\"},\"thumbnailUrl\":\"https:\\\/\\\/www.aue-stiftung.org\\\/wp-content\\\/uploads\\\/2024\\\/11\\\/Doerte-Putensen-853x1280.jpg\",\"datePublished\":\"2024-11-29T12:52:55+00:00\",\"dateModified\":\"2024-12-03T09:58:13+00:00\",\"breadcrumb\":{\"@id\":\"https:\\\/\\\/www.aue-stiftung.org\\\/de\\\/ajankohtaista\\\/anke-michler-janhunen-nekrolog-auf-prof-dr-doerte-putensen\\\/#breadcrumb\"},\"inLanguage\":\"de\",\"potentialAction\":[{\"@type\":\"ReadAction\",\"target\":[\"https:\\\/\\\/www.aue-stiftung.org\\\/de\\\/ajankohtaista\\\/anke-michler-janhunen-nekrolog-auf-prof-dr-doerte-putensen\\\/\"]}]},{\"@type\":\"ImageObject\",\"inLanguage\":\"de\",\"@id\":\"https:\\\/\\\/www.aue-stiftung.org\\\/de\\\/ajankohtaista\\\/anke-michler-janhunen-nekrolog-auf-prof-dr-doerte-putensen\\\/#primaryimage\",\"url\":\"https:\\\/\\\/www.aue-stiftung.org\\\/wp-content\\\/uploads\\\/2024\\\/11\\\/Doerte-Putensen-853x1280.jpg\",\"contentUrl\":\"https:\\\/\\\/www.aue-stiftung.org\\\/wp-content\\\/uploads\\\/2024\\\/11\\\/Doerte-Putensen-853x1280.jpg\"},{\"@type\":\"BreadcrumbList\",\"@id\":\"https:\\\/\\\/www.aue-stiftung.org\\\/de\\\/ajankohtaista\\\/anke-michler-janhunen-nekrolog-auf-prof-dr-doerte-putensen\\\/#breadcrumb\",\"itemListElement\":[{\"@type\":\"ListItem\",\"position\":1,\"name\":\"Home\",\"item\":\"https:\\\/\\\/www.aue-stiftung.org\\\/de\\\/\"},{\"@type\":\"ListItem\",\"position\":2,\"name\":\"Anke Michler-Janhunen: Nekrolog auf Prof. Dr. D\u00f6rte Putensen\"}]},{\"@type\":\"WebSite\",\"@id\":\"https:\\\/\\\/www.aue-stiftung.org\\\/de\\\/#website\",\"url\":\"https:\\\/\\\/www.aue-stiftung.org\\\/de\\\/\",\"name\":\"Aue-Stiftung\",\"description\":\"\",\"publisher\":{\"@id\":\"https:\\\/\\\/www.aue-stiftung.org\\\/de\\\/#organization\"},\"potentialAction\":[{\"@type\":\"SearchAction\",\"target\":{\"@type\":\"EntryPoint\",\"urlTemplate\":\"https:\\\/\\\/www.aue-stiftung.org\\\/de\\\/?s={search_term_string}\"},\"query-input\":{\"@type\":\"PropertyValueSpecification\",\"valueRequired\":true,\"valueName\":\"search_term_string\"}}],\"inLanguage\":\"de\"},{\"@type\":\"Organization\",\"@id\":\"https:\\\/\\\/www.aue-stiftung.org\\\/de\\\/#organization\",\"name\":\"Aue-S\u00e4\u00e4ti\u00f6\",\"url\":\"https:\\\/\\\/www.aue-stiftung.org\\\/de\\\/\",\"logo\":{\"@type\":\"ImageObject\",\"inLanguage\":\"de\",\"@id\":\"https:\\\/\\\/www.aue-stiftung.org\\\/de\\\/#\\\/schema\\\/logo\\\/image\\\/\",\"url\":\"https:\\\/\\\/www.aue-stiftung.org\\\/wp-content\\\/uploads\\\/aue-logo-header-1.svg\",\"contentUrl\":\"https:\\\/\\\/www.aue-stiftung.org\\\/wp-content\\\/uploads\\\/aue-logo-header-1.svg\",\"width\":61,\"height\":57,\"caption\":\"Aue-S\u00e4\u00e4ti\u00f6\"},\"image\":{\"@id\":\"https:\\\/\\\/www.aue-stiftung.org\\\/de\\\/#\\\/schema\\\/logo\\\/image\\\/\"},\"sameAs\":[\"https:\\\/\\\/www.facebook.com\\\/Auestiftung\\\/\",\"https:\\\/\\\/www.instagram.com\\\/auesaatio\\\/\",\"https:\\\/\\\/www.youtube.com\\\/channel\\\/UCBs3420HmSwk9w4MaRF83zA\"]},{\"@type\":\"Person\",\"@id\":\"https:\\\/\\\/www.aue-stiftung.org\\\/de\\\/#\\\/schema\\\/person\\\/cbfc8097b92d6ab28a583ec10daccf0c\",\"name\":\"hovilainen@aue-stiftung.org\",\"image\":{\"@type\":\"ImageObject\",\"inLanguage\":\"de\",\"@id\":\"https:\\\/\\\/secure.gravatar.com\\\/avatar\\\/161dd90648adb4d928ea8f8e445e3c158e7577a7819f96938e6ca89f07e92944?s=96&d=mm&r=g\",\"url\":\"https:\\\/\\\/secure.gravatar.com\\\/avatar\\\/161dd90648adb4d928ea8f8e445e3c158e7577a7819f96938e6ca89f07e92944?s=96&d=mm&r=g\",\"contentUrl\":\"https:\\\/\\\/secure.gravatar.com\\\/avatar\\\/161dd90648adb4d928ea8f8e445e3c158e7577a7819f96938e6ca89f07e92944?s=96&d=mm&r=g\",\"caption\":\"hovilainen@aue-stiftung.org\"}}]}<\/script>\n<!-- \/ Yoast SEO plugin. -->","yoast_head_json":{"title":"Anke Michler-Janhunen: Nekrolog auf Prof. Dr. D\u00f6rte Putensen &#183; Aue-Stiftung","robots":{"index":"index","follow":"follow","max-snippet":"max-snippet:-1","max-image-preview":"max-image-preview:large","max-video-preview":"max-video-preview:-1"},"canonical":"https:\/\/www.aue-stiftung.org\/de\/ajankohtaista\/anke-michler-janhunen-nekrolog-auf-prof-dr-doerte-putensen\/","og_locale":"de_DE","og_type":"article","og_title":"Anke Michler-Janhunen: Nekrolog auf Prof. Dr. D\u00f6rte Putensen &#183; Aue-Stiftung","og_description":"Prof. Dr. phil. habil. D\u00f6rte Putensen \u2020 (20.4.1949-25.11.2024) Privat und beruflich hatte D\u00f6rte Putensen \u201eFinnland im Blick\u201c, besch\u00e4ftigte sich die Professorin f\u00fcr Allgemeine Geschichte der neuesten Zeit doch immer wieder mit Finnland und den deutsch-finnischen Beziehungen. Unter gleichem Titel ver\u00f6ffentlichte die Deutsch-Finnische Gesellschaft 2014 zum 65. Geburtstag von D\u00f6rte Putensen eine Festschrift (hrsg. von Manfred [&hellip;]","og_url":"https:\/\/www.aue-stiftung.org\/de\/ajankohtaista\/anke-michler-janhunen-nekrolog-auf-prof-dr-doerte-putensen\/","og_site_name":"Aue-Stiftung","article_publisher":"https:\/\/www.facebook.com\/Auestiftung\/","article_published_time":"2024-11-29T12:52:55+00:00","article_modified_time":"2024-12-03T09:58:13+00:00","og_image":[{"width":972,"height":1458,"url":"https:\/\/www.aue-stiftung.org\/wp-content\/uploads\/2024\/11\/Doerte-Putensen.jpg","type":"image\/jpeg"}],"author":"hovilainen@aue-stiftung.org","twitter_card":"summary_large_image","twitter_misc":{"Verfasst von":"hovilainen@aue-stiftung.org","Gesch\u00e4tzte Lesezeit":"4\u00a0Minuten"},"schema":{"@context":"https:\/\/schema.org","@graph":[{"@type":"Article","@id":"https:\/\/www.aue-stiftung.org\/de\/ajankohtaista\/anke-michler-janhunen-nekrolog-auf-prof-dr-doerte-putensen\/#article","isPartOf":{"@id":"https:\/\/www.aue-stiftung.org\/de\/ajankohtaista\/anke-michler-janhunen-nekrolog-auf-prof-dr-doerte-putensen\/"},"author":{"name":"hovilainen@aue-stiftung.org","@id":"https:\/\/www.aue-stiftung.org\/de\/#\/schema\/person\/cbfc8097b92d6ab28a583ec10daccf0c"},"headline":"Anke Michler-Janhunen: Nekrolog auf Prof. Dr. D\u00f6rte Putensen","datePublished":"2024-11-29T12:52:55+00:00","dateModified":"2024-12-03T09:58:13+00:00","mainEntityOfPage":{"@id":"https:\/\/www.aue-stiftung.org\/de\/ajankohtaista\/anke-michler-janhunen-nekrolog-auf-prof-dr-doerte-putensen\/"},"wordCount":551,"publisher":{"@id":"https:\/\/www.aue-stiftung.org\/de\/#organization"},"image":{"@id":"https:\/\/www.aue-stiftung.org\/de\/ajankohtaista\/anke-michler-janhunen-nekrolog-auf-prof-dr-doerte-putensen\/#primaryimage"},"thumbnailUrl":"https:\/\/www.aue-stiftung.org\/wp-content\/uploads\/2024\/11\/Doerte-Putensen-853x1280.jpg","articleSection":["Unkategorisiert"],"inLanguage":"de"},{"@type":"WebPage","@id":"https:\/\/www.aue-stiftung.org\/de\/ajankohtaista\/anke-michler-janhunen-nekrolog-auf-prof-dr-doerte-putensen\/","url":"https:\/\/www.aue-stiftung.org\/de\/ajankohtaista\/anke-michler-janhunen-nekrolog-auf-prof-dr-doerte-putensen\/","name":"Anke Michler-Janhunen: Nekrolog auf Prof. Dr. D\u00f6rte Putensen &#183; Aue-Stiftung","isPartOf":{"@id":"https:\/\/www.aue-stiftung.org\/de\/#website"},"primaryImageOfPage":{"@id":"https:\/\/www.aue-stiftung.org\/de\/ajankohtaista\/anke-michler-janhunen-nekrolog-auf-prof-dr-doerte-putensen\/#primaryimage"},"image":{"@id":"https:\/\/www.aue-stiftung.org\/de\/ajankohtaista\/anke-michler-janhunen-nekrolog-auf-prof-dr-doerte-putensen\/#primaryimage"},"thumbnailUrl":"https:\/\/www.aue-stiftung.org\/wp-content\/uploads\/2024\/11\/Doerte-Putensen-853x1280.jpg","datePublished":"2024-11-29T12:52:55+00:00","dateModified":"2024-12-03T09:58:13+00:00","breadcrumb":{"@id":"https:\/\/www.aue-stiftung.org\/de\/ajankohtaista\/anke-michler-janhunen-nekrolog-auf-prof-dr-doerte-putensen\/#breadcrumb"},"inLanguage":"de","potentialAction":[{"@type":"ReadAction","target":["https:\/\/www.aue-stiftung.org\/de\/ajankohtaista\/anke-michler-janhunen-nekrolog-auf-prof-dr-doerte-putensen\/"]}]},{"@type":"ImageObject","inLanguage":"de","@id":"https:\/\/www.aue-stiftung.org\/de\/ajankohtaista\/anke-michler-janhunen-nekrolog-auf-prof-dr-doerte-putensen\/#primaryimage","url":"https:\/\/www.aue-stiftung.org\/wp-content\/uploads\/2024\/11\/Doerte-Putensen-853x1280.jpg","contentUrl":"https:\/\/www.aue-stiftung.org\/wp-content\/uploads\/2024\/11\/Doerte-Putensen-853x1280.jpg"},{"@type":"BreadcrumbList","@id":"https:\/\/www.aue-stiftung.org\/de\/ajankohtaista\/anke-michler-janhunen-nekrolog-auf-prof-dr-doerte-putensen\/#breadcrumb","itemListElement":[{"@type":"ListItem","position":1,"name":"Home","item":"https:\/\/www.aue-stiftung.org\/de\/"},{"@type":"ListItem","position":2,"name":"Anke Michler-Janhunen: Nekrolog auf Prof. Dr. D\u00f6rte Putensen"}]},{"@type":"WebSite","@id":"https:\/\/www.aue-stiftung.org\/de\/#website","url":"https:\/\/www.aue-stiftung.org\/de\/","name":"Aue-Stiftung","description":"","publisher":{"@id":"https:\/\/www.aue-stiftung.org\/de\/#organization"},"potentialAction":[{"@type":"SearchAction","target":{"@type":"EntryPoint","urlTemplate":"https:\/\/www.aue-stiftung.org\/de\/?s={search_term_string}"},"query-input":{"@type":"PropertyValueSpecification","valueRequired":true,"valueName":"search_term_string"}}],"inLanguage":"de"},{"@type":"Organization","@id":"https:\/\/www.aue-stiftung.org\/de\/#organization","name":"Aue-S\u00e4\u00e4ti\u00f6","url":"https:\/\/www.aue-stiftung.org\/de\/","logo":{"@type":"ImageObject","inLanguage":"de","@id":"https:\/\/www.aue-stiftung.org\/de\/#\/schema\/logo\/image\/","url":"https:\/\/www.aue-stiftung.org\/wp-content\/uploads\/aue-logo-header-1.svg","contentUrl":"https:\/\/www.aue-stiftung.org\/wp-content\/uploads\/aue-logo-header-1.svg","width":61,"height":57,"caption":"Aue-S\u00e4\u00e4ti\u00f6"},"image":{"@id":"https:\/\/www.aue-stiftung.org\/de\/#\/schema\/logo\/image\/"},"sameAs":["https:\/\/www.facebook.com\/Auestiftung\/","https:\/\/www.instagram.com\/auesaatio\/","https:\/\/www.youtube.com\/channel\/UCBs3420HmSwk9w4MaRF83zA"]},{"@type":"Person","@id":"https:\/\/www.aue-stiftung.org\/de\/#\/schema\/person\/cbfc8097b92d6ab28a583ec10daccf0c","name":"hovilainen@aue-stiftung.org","image":{"@type":"ImageObject","inLanguage":"de","@id":"https:\/\/secure.gravatar.com\/avatar\/161dd90648adb4d928ea8f8e445e3c158e7577a7819f96938e6ca89f07e92944?s=96&d=mm&r=g","url":"https:\/\/secure.gravatar.com\/avatar\/161dd90648adb4d928ea8f8e445e3c158e7577a7819f96938e6ca89f07e92944?s=96&d=mm&r=g","contentUrl":"https:\/\/secure.gravatar.com\/avatar\/161dd90648adb4d928ea8f8e445e3c158e7577a7819f96938e6ca89f07e92944?s=96&d=mm&r=g","caption":"hovilainen@aue-stiftung.org"}}]}},"_links":{"self":[{"href":"https:\/\/www.aue-stiftung.org\/de\/wp-json\/wp\/v2\/posts\/2832","targetHints":{"allow":["GET"]}}],"collection":[{"href":"https:\/\/www.aue-stiftung.org\/de\/wp-json\/wp\/v2\/posts"}],"about":[{"href":"https:\/\/www.aue-stiftung.org\/de\/wp-json\/wp\/v2\/types\/post"}],"author":[{"embeddable":true,"href":"https:\/\/www.aue-stiftung.org\/de\/wp-json\/wp\/v2\/users\/7"}],"replies":[{"embeddable":true,"href":"https:\/\/www.aue-stiftung.org\/de\/wp-json\/wp\/v2\/comments?post=2832"}],"version-history":[{"count":4,"href":"https:\/\/www.aue-stiftung.org\/de\/wp-json\/wp\/v2\/posts\/2832\/revisions"}],"predecessor-version":[{"id":2844,"href":"https:\/\/www.aue-stiftung.org\/de\/wp-json\/wp\/v2\/posts\/2832\/revisions\/2844"}],"wp:attachment":[{"href":"https:\/\/www.aue-stiftung.org\/de\/wp-json\/wp\/v2\/media?parent=2832"}],"wp:term":[{"taxonomy":"category","embeddable":true,"href":"https:\/\/www.aue-stiftung.org\/de\/wp-json\/wp\/v2\/categories?post=2832"},{"taxonomy":"post_tag","embeddable":true,"href":"https:\/\/www.aue-stiftung.org\/de\/wp-json\/wp\/v2\/tags?post=2832"}],"curies":[{"name":"wp","href":"https:\/\/api.w.org\/{rel}","templated":true}]}}