{"id":3369,"date":"2025-12-05T10:51:56","date_gmt":"2025-12-05T08:51:56","guid":{"rendered":"https:\/\/www.aue-stiftung.org\/?p=3369"},"modified":"2025-12-05T10:51:58","modified_gmt":"2025-12-05T08:51:58","slug":"kampagne-saksalla-maaliin-setzt-sich-fuer-die-a1-sprache-ein-fussballer-lukas-hradecky-gesicht-der-sprachkampagne","status":"publish","type":"post","link":"https:\/\/www.aue-stiftung.org\/de\/ajankohtaista\/kampagne-saksalla-maaliin-setzt-sich-fuer-die-a1-sprache-ein-fussballer-lukas-hradecky-gesicht-der-sprachkampagne\/","title":{"rendered":"Kampagne \u201eSaksalla maaliin \u201c setzt sich f\u00fcr die A1-Sprache ein \u2013 Fu\u00dfballer Lukas Hradeck\u00fd Gesicht der Sprachkampagne"},"content":{"rendered":"\n<figure class=\"wp-block-image size-large\"><img loading=\"lazy\" decoding=\"async\" width=\"720\" height=\"1280\" src=\"https:\/\/www.aue-stiftung.org\/wp-content\/uploads\/2025\/12\/thumbnail_saksallamaaliin-kansikuva-720x1280.jpg\" alt=\"\" class=\"wp-image-3370\" srcset=\"https:\/\/www.aue-stiftung.org\/wp-content\/uploads\/2025\/12\/thumbnail_saksallamaaliin-kansikuva-720x1280.jpg 720w, https:\/\/www.aue-stiftung.org\/wp-content\/uploads\/2025\/12\/thumbnail_saksallamaaliin-kansikuva-360x640.jpg 360w, https:\/\/www.aue-stiftung.org\/wp-content\/uploads\/2025\/12\/thumbnail_saksallamaaliin-kansikuva-768x1365.jpg 768w, https:\/\/www.aue-stiftung.org\/wp-content\/uploads\/2025\/12\/thumbnail_saksallamaaliin-kansikuva-864x1536.jpg 864w, https:\/\/www.aue-stiftung.org\/wp-content\/uploads\/2025\/12\/thumbnail_saksallamaaliin-kansikuva.jpg 1080w\" sizes=\"auto, (max-width: 720px) 100vw, 720px\" \/><\/figure>\n\n\n\n<p>Im Dezember 2025 startet die Aue-Stiftung die Kampagne \u201eSaksalla maaliin\u201c (\u201eMit Deutsch ans Ziel\u201c), die den Deutschunterricht ab der ersten Klasse der Grundschule, also als A1-Sprache, f\u00f6rdern soll. Die Kampagne richtet sich an kommunale Entscheidungstr\u00e4ger, Schulleitungen und DeutschlehrerInnen in ganz Finnland sowie an Familien, f\u00fcr die die Sprachwahl ihrer Kinder aktuell ist.<\/p>\n\n\n\n<p>Gesicht des Kampagnevideos ist Fu\u00dfballer Lukas Hradeck\u00fd, der Kindern und Jugendlichen nicht nur als Sportler, sondern auch als Verfechter von Mehrsprachigkeit und kulturellem Austausch als Vorbild dient. F\u00fcr seinen Einsatz um die F\u00f6rderung der deutschen Sprache wurde ihm 2025 die Medaille f\u00fcr Verdienste um Frieden und Verst\u00e4ndigung der Aue-Stiftung verliehen. Hradeck\u00fd m\u00f6chte das Preisgeld f\u00fcr die F\u00f6rderung der Deutschkenntnisse junger Menschen spenden.<\/p>\n\n\n\n<p>Das Video wurde auf den Social-Media-Kan\u00e4len der Aue-Stiftung (<a href=\"https:\/\/www.instagram.com\/p\/DRzQ11jkzl3\/\">Instagram<\/a>, Facebook und LinkedIn) ver\u00f6ffentlicht. Die Kampagne steht unter dem Motto #saksallamaaliin und wirbt f\u00fcr die deutsche Sprache im ganzen Land. Das Video steht u.a. Lehrpersonal, Schulen und Partnern der Aue-Stiftung f\u00fcr Werbezwecke zu Gunsten der deutschen Sprache zu Verf\u00fcgung.<\/p>\n\n\n\n<p>F\u00fcr weitere Informationen zur Kampagne wenden Sie sich bitte an Johanna Hovilainen, Gesch\u00e4ftsf\u00fchrerin der Aue-Stiftung (hovilainen@aue-stiftung.org).<\/p>\n","protected":false},"excerpt":{"rendered":"<p>Im Dezember 2025 startet die Aue-Stiftung die Kampagne \u201eSaksalla maaliin\u201c (\u201eMit Deutsch ans Ziel\u201c), die den Deutschunterricht ab der ersten Klasse der Grundschule, also als A1-Sprache, f\u00f6rdern soll. Die Kampagne richtet sich an kommunale Entscheidungstr\u00e4ger, Schulleitungen und DeutschlehrerInnen in ganz Finnland sowie an Familien, f\u00fcr die die Sprachwahl ihrer Kinder aktuell ist. Gesicht des Kampagnevideos [&hellip;]<\/p>\n","protected":false},"author":9,"featured_media":0,"comment_status":"closed","ping_status":"closed","sticky":false,"template":"","format":"standard","meta":{"_acf_changed":false,"footnotes":""},"categories":[15],"tags":[88,36,87,89,85,86],"class_list":["post-3369","post","type-post","status-publish","format-standard","hentry","category-unkategorisiert","tag-a1-sprache","tag-deutsche-sprache","tag-deutschunterricht","tag-lukas-hradecky","tag-sprachkampagne","tag-sprachunterricht"],"acf":[],"yoast_head":"<!-- This site is optimized with the Yoast SEO plugin v27.5 - https:\/\/yoast.com\/product\/yoast-seo-wordpress\/ -->\n<title>Kampagne \u201eSaksalla maaliin \u201c setzt sich f\u00fcr die A1-Sprache ein \u2013 Fu\u00dfballer Lukas Hradeck\u00fd Gesicht der Sprachkampagne &#183; Aue-Stiftung<\/title>\n<meta name=\"robots\" content=\"index, follow, max-snippet:-1, max-image-preview:large, max-video-preview:-1\" \/>\n<link rel=\"canonical\" href=\"https:\/\/www.aue-stiftung.org\/de\/ajankohtaista\/kampagne-saksalla-maaliin-setzt-sich-fuer-die-a1-sprache-ein-fussballer-lukas-hradecky-gesicht-der-sprachkampagne\/\" \/>\n<meta property=\"og:locale\" content=\"de_DE\" \/>\n<meta property=\"og:type\" content=\"article\" \/>\n<meta property=\"og:title\" content=\"Kampagne \u201eSaksalla maaliin \u201c setzt sich f\u00fcr die A1-Sprache ein \u2013 Fu\u00dfballer Lukas Hradeck\u00fd Gesicht der Sprachkampagne &#183; Aue-Stiftung\" \/>\n<meta property=\"og:description\" content=\"Im Dezember 2025 startet die Aue-Stiftung die Kampagne \u201eSaksalla maaliin\u201c (\u201eMit Deutsch ans Ziel\u201c), die den Deutschunterricht ab der ersten Klasse der Grundschule, also als A1-Sprache, f\u00f6rdern soll. Die Kampagne richtet sich an kommunale Entscheidungstr\u00e4ger, Schulleitungen und DeutschlehrerInnen in ganz Finnland sowie an Familien, f\u00fcr die die Sprachwahl ihrer Kinder aktuell ist. Gesicht des Kampagnevideos [&hellip;]\" \/>\n<meta property=\"og:url\" content=\"https:\/\/www.aue-stiftung.org\/de\/ajankohtaista\/kampagne-saksalla-maaliin-setzt-sich-fuer-die-a1-sprache-ein-fussballer-lukas-hradecky-gesicht-der-sprachkampagne\/\" \/>\n<meta property=\"og:site_name\" content=\"Aue-Stiftung\" \/>\n<meta property=\"article:publisher\" content=\"https:\/\/www.facebook.com\/Auestiftung\/\" \/>\n<meta property=\"article:published_time\" content=\"2025-12-05T08:51:56+00:00\" \/>\n<meta property=\"article:modified_time\" content=\"2025-12-05T08:51:58+00:00\" \/>\n<meta property=\"og:image\" content=\"https:\/\/www.aue-stiftung.org\/wp-content\/uploads\/2025\/12\/thumbnail_saksallamaaliin-kansikuva.jpg\" \/>\n\t<meta property=\"og:image:width\" content=\"1080\" \/>\n\t<meta property=\"og:image:height\" content=\"1920\" \/>\n\t<meta property=\"og:image:type\" content=\"image\/jpeg\" \/>\n<meta name=\"author\" content=\"Paula Schuth\" \/>\n<meta name=\"twitter:card\" content=\"summary_large_image\" \/>\n<meta name=\"twitter:label1\" content=\"Verfasst von\" \/>\n\t<meta name=\"twitter:data1\" content=\"Paula Schuth\" \/>\n\t<meta name=\"twitter:label2\" content=\"Gesch\u00e4tzte Lesezeit\" \/>\n\t<meta name=\"twitter:data2\" content=\"2\u00a0Minuten\" \/>\n<script type=\"application\/ld+json\" class=\"yoast-schema-graph\">{\"@context\":\"https:\\\/\\\/schema.org\",\"@graph\":[{\"@type\":\"Article\",\"@id\":\"https:\\\/\\\/www.aue-stiftung.org\\\/de\\\/ajankohtaista\\\/kampagne-saksalla-maaliin-setzt-sich-fuer-die-a1-sprache-ein-fussballer-lukas-hradecky-gesicht-der-sprachkampagne\\\/#article\",\"isPartOf\":{\"@id\":\"https:\\\/\\\/www.aue-stiftung.org\\\/de\\\/ajankohtaista\\\/kampagne-saksalla-maaliin-setzt-sich-fuer-die-a1-sprache-ein-fussballer-lukas-hradecky-gesicht-der-sprachkampagne\\\/\"},\"author\":{\"name\":\"Paula Schuth\",\"@id\":\"https:\\\/\\\/www.aue-stiftung.org\\\/de\\\/#\\\/schema\\\/person\\\/43948900dc1ce0e77b8b30c7ff0d3c5d\"},\"headline\":\"Kampagne \u201eSaksalla maaliin \u201c setzt sich f\u00fcr die A1-Sprache ein \u2013 Fu\u00dfballer Lukas Hradeck\u00fd Gesicht der Sprachkampagne\",\"datePublished\":\"2025-12-05T08:51:56+00:00\",\"dateModified\":\"2025-12-05T08:51:58+00:00\",\"mainEntityOfPage\":{\"@id\":\"https:\\\/\\\/www.aue-stiftung.org\\\/de\\\/ajankohtaista\\\/kampagne-saksalla-maaliin-setzt-sich-fuer-die-a1-sprache-ein-fussballer-lukas-hradecky-gesicht-der-sprachkampagne\\\/\"},\"wordCount\":217,\"publisher\":{\"@id\":\"https:\\\/\\\/www.aue-stiftung.org\\\/de\\\/#organization\"},\"image\":{\"@id\":\"https:\\\/\\\/www.aue-stiftung.org\\\/de\\\/ajankohtaista\\\/kampagne-saksalla-maaliin-setzt-sich-fuer-die-a1-sprache-ein-fussballer-lukas-hradecky-gesicht-der-sprachkampagne\\\/#primaryimage\"},\"thumbnailUrl\":\"https:\\\/\\\/www.aue-stiftung.org\\\/wp-content\\\/uploads\\\/2025\\\/12\\\/thumbnail_saksallamaaliin-kansikuva-720x1280.jpg\",\"keywords\":[\"A1-Sprache\",\"deutsche sprache\",\"Deutschunterricht\",\"Lukas Hradeck\u00fd\",\"Sprachkampagne\",\"Sprachunterricht\"],\"articleSection\":[\"Unkategorisiert\"],\"inLanguage\":\"de\"},{\"@type\":\"WebPage\",\"@id\":\"https:\\\/\\\/www.aue-stiftung.org\\\/de\\\/ajankohtaista\\\/kampagne-saksalla-maaliin-setzt-sich-fuer-die-a1-sprache-ein-fussballer-lukas-hradecky-gesicht-der-sprachkampagne\\\/\",\"url\":\"https:\\\/\\\/www.aue-stiftung.org\\\/de\\\/ajankohtaista\\\/kampagne-saksalla-maaliin-setzt-sich-fuer-die-a1-sprache-ein-fussballer-lukas-hradecky-gesicht-der-sprachkampagne\\\/\",\"name\":\"Kampagne \u201eSaksalla maaliin \u201c setzt sich f\u00fcr die A1-Sprache ein \u2013 Fu\u00dfballer Lukas Hradeck\u00fd Gesicht der Sprachkampagne &#183; Aue-Stiftung\",\"isPartOf\":{\"@id\":\"https:\\\/\\\/www.aue-stiftung.org\\\/de\\\/#website\"},\"primaryImageOfPage\":{\"@id\":\"https:\\\/\\\/www.aue-stiftung.org\\\/de\\\/ajankohtaista\\\/kampagne-saksalla-maaliin-setzt-sich-fuer-die-a1-sprache-ein-fussballer-lukas-hradecky-gesicht-der-sprachkampagne\\\/#primaryimage\"},\"image\":{\"@id\":\"https:\\\/\\\/www.aue-stiftung.org\\\/de\\\/ajankohtaista\\\/kampagne-saksalla-maaliin-setzt-sich-fuer-die-a1-sprache-ein-fussballer-lukas-hradecky-gesicht-der-sprachkampagne\\\/#primaryimage\"},\"thumbnailUrl\":\"https:\\\/\\\/www.aue-stiftung.org\\\/wp-content\\\/uploads\\\/2025\\\/12\\\/thumbnail_saksallamaaliin-kansikuva-720x1280.jpg\",\"datePublished\":\"2025-12-05T08:51:56+00:00\",\"dateModified\":\"2025-12-05T08:51:58+00:00\",\"breadcrumb\":{\"@id\":\"https:\\\/\\\/www.aue-stiftung.org\\\/de\\\/ajankohtaista\\\/kampagne-saksalla-maaliin-setzt-sich-fuer-die-a1-sprache-ein-fussballer-lukas-hradecky-gesicht-der-sprachkampagne\\\/#breadcrumb\"},\"inLanguage\":\"de\",\"potentialAction\":[{\"@type\":\"ReadAction\",\"target\":[\"https:\\\/\\\/www.aue-stiftung.org\\\/de\\\/ajankohtaista\\\/kampagne-saksalla-maaliin-setzt-sich-fuer-die-a1-sprache-ein-fussballer-lukas-hradecky-gesicht-der-sprachkampagne\\\/\"]}]},{\"@type\":\"ImageObject\",\"inLanguage\":\"de\",\"@id\":\"https:\\\/\\\/www.aue-stiftung.org\\\/de\\\/ajankohtaista\\\/kampagne-saksalla-maaliin-setzt-sich-fuer-die-a1-sprache-ein-fussballer-lukas-hradecky-gesicht-der-sprachkampagne\\\/#primaryimage\",\"url\":\"https:\\\/\\\/www.aue-stiftung.org\\\/wp-content\\\/uploads\\\/2025\\\/12\\\/thumbnail_saksallamaaliin-kansikuva-720x1280.jpg\",\"contentUrl\":\"https:\\\/\\\/www.aue-stiftung.org\\\/wp-content\\\/uploads\\\/2025\\\/12\\\/thumbnail_saksallamaaliin-kansikuva-720x1280.jpg\"},{\"@type\":\"BreadcrumbList\",\"@id\":\"https:\\\/\\\/www.aue-stiftung.org\\\/de\\\/ajankohtaista\\\/kampagne-saksalla-maaliin-setzt-sich-fuer-die-a1-sprache-ein-fussballer-lukas-hradecky-gesicht-der-sprachkampagne\\\/#breadcrumb\",\"itemListElement\":[{\"@type\":\"ListItem\",\"position\":1,\"name\":\"Home\",\"item\":\"https:\\\/\\\/www.aue-stiftung.org\\\/de\\\/\"},{\"@type\":\"ListItem\",\"position\":2,\"name\":\"Kampagne \u201eSaksalla maaliin \u201c setzt sich f\u00fcr die A1-Sprache ein \u2013 Fu\u00dfballer Lukas Hradeck\u00fd Gesicht der Sprachkampagne\"}]},{\"@type\":\"WebSite\",\"@id\":\"https:\\\/\\\/www.aue-stiftung.org\\\/de\\\/#website\",\"url\":\"https:\\\/\\\/www.aue-stiftung.org\\\/de\\\/\",\"name\":\"Aue-Stiftung\",\"description\":\"\",\"publisher\":{\"@id\":\"https:\\\/\\\/www.aue-stiftung.org\\\/de\\\/#organization\"},\"potentialAction\":[{\"@type\":\"SearchAction\",\"target\":{\"@type\":\"EntryPoint\",\"urlTemplate\":\"https:\\\/\\\/www.aue-stiftung.org\\\/de\\\/?s={search_term_string}\"},\"query-input\":{\"@type\":\"PropertyValueSpecification\",\"valueRequired\":true,\"valueName\":\"search_term_string\"}}],\"inLanguage\":\"de\"},{\"@type\":\"Organization\",\"@id\":\"https:\\\/\\\/www.aue-stiftung.org\\\/de\\\/#organization\",\"name\":\"Aue-S\u00e4\u00e4ti\u00f6\",\"url\":\"https:\\\/\\\/www.aue-stiftung.org\\\/de\\\/\",\"logo\":{\"@type\":\"ImageObject\",\"inLanguage\":\"de\",\"@id\":\"https:\\\/\\\/www.aue-stiftung.org\\\/de\\\/#\\\/schema\\\/logo\\\/image\\\/\",\"url\":\"https:\\\/\\\/www.aue-stiftung.org\\\/wp-content\\\/uploads\\\/aue-logo-header-1.svg\",\"contentUrl\":\"https:\\\/\\\/www.aue-stiftung.org\\\/wp-content\\\/uploads\\\/aue-logo-header-1.svg\",\"width\":61,\"height\":57,\"caption\":\"Aue-S\u00e4\u00e4ti\u00f6\"},\"image\":{\"@id\":\"https:\\\/\\\/www.aue-stiftung.org\\\/de\\\/#\\\/schema\\\/logo\\\/image\\\/\"},\"sameAs\":[\"https:\\\/\\\/www.facebook.com\\\/Auestiftung\\\/\",\"https:\\\/\\\/www.instagram.com\\\/auesaatio\\\/\",\"https:\\\/\\\/www.youtube.com\\\/channel\\\/UCBs3420HmSwk9w4MaRF83zA\"]},{\"@type\":\"Person\",\"@id\":\"https:\\\/\\\/www.aue-stiftung.org\\\/de\\\/#\\\/schema\\\/person\\\/43948900dc1ce0e77b8b30c7ff0d3c5d\",\"name\":\"Paula Schuth\",\"image\":{\"@type\":\"ImageObject\",\"inLanguage\":\"de\",\"@id\":\"https:\\\/\\\/secure.gravatar.com\\\/avatar\\\/c9da206c0024e43843edd6a5ffe309df25813dd1b1bca247a10a431428f13bb5?s=96&d=mm&r=g\",\"url\":\"https:\\\/\\\/secure.gravatar.com\\\/avatar\\\/c9da206c0024e43843edd6a5ffe309df25813dd1b1bca247a10a431428f13bb5?s=96&d=mm&r=g\",\"contentUrl\":\"https:\\\/\\\/secure.gravatar.com\\\/avatar\\\/c9da206c0024e43843edd6a5ffe309df25813dd1b1bca247a10a431428f13bb5?s=96&d=mm&r=g\",\"caption\":\"Paula Schuth\"}}]}<\/script>\n<!-- \/ Yoast SEO plugin. -->","yoast_head_json":{"title":"Kampagne \u201eSaksalla maaliin \u201c setzt sich f\u00fcr die A1-Sprache ein \u2013 Fu\u00dfballer Lukas Hradeck\u00fd Gesicht der Sprachkampagne &#183; Aue-Stiftung","robots":{"index":"index","follow":"follow","max-snippet":"max-snippet:-1","max-image-preview":"max-image-preview:large","max-video-preview":"max-video-preview:-1"},"canonical":"https:\/\/www.aue-stiftung.org\/de\/ajankohtaista\/kampagne-saksalla-maaliin-setzt-sich-fuer-die-a1-sprache-ein-fussballer-lukas-hradecky-gesicht-der-sprachkampagne\/","og_locale":"de_DE","og_type":"article","og_title":"Kampagne \u201eSaksalla maaliin \u201c setzt sich f\u00fcr die A1-Sprache ein \u2013 Fu\u00dfballer Lukas Hradeck\u00fd Gesicht der Sprachkampagne &#183; Aue-Stiftung","og_description":"Im Dezember 2025 startet die Aue-Stiftung die Kampagne \u201eSaksalla maaliin\u201c (\u201eMit Deutsch ans Ziel\u201c), die den Deutschunterricht ab der ersten Klasse der Grundschule, also als A1-Sprache, f\u00f6rdern soll. Die Kampagne richtet sich an kommunale Entscheidungstr\u00e4ger, Schulleitungen und DeutschlehrerInnen in ganz Finnland sowie an Familien, f\u00fcr die die Sprachwahl ihrer Kinder aktuell ist. Gesicht des Kampagnevideos [&hellip;]","og_url":"https:\/\/www.aue-stiftung.org\/de\/ajankohtaista\/kampagne-saksalla-maaliin-setzt-sich-fuer-die-a1-sprache-ein-fussballer-lukas-hradecky-gesicht-der-sprachkampagne\/","og_site_name":"Aue-Stiftung","article_publisher":"https:\/\/www.facebook.com\/Auestiftung\/","article_published_time":"2025-12-05T08:51:56+00:00","article_modified_time":"2025-12-05T08:51:58+00:00","og_image":[{"width":1080,"height":1920,"url":"https:\/\/www.aue-stiftung.org\/wp-content\/uploads\/2025\/12\/thumbnail_saksallamaaliin-kansikuva.jpg","type":"image\/jpeg"}],"author":"Paula Schuth","twitter_card":"summary_large_image","twitter_misc":{"Verfasst von":"Paula Schuth","Gesch\u00e4tzte Lesezeit":"2\u00a0Minuten"},"schema":{"@context":"https:\/\/schema.org","@graph":[{"@type":"Article","@id":"https:\/\/www.aue-stiftung.org\/de\/ajankohtaista\/kampagne-saksalla-maaliin-setzt-sich-fuer-die-a1-sprache-ein-fussballer-lukas-hradecky-gesicht-der-sprachkampagne\/#article","isPartOf":{"@id":"https:\/\/www.aue-stiftung.org\/de\/ajankohtaista\/kampagne-saksalla-maaliin-setzt-sich-fuer-die-a1-sprache-ein-fussballer-lukas-hradecky-gesicht-der-sprachkampagne\/"},"author":{"name":"Paula Schuth","@id":"https:\/\/www.aue-stiftung.org\/de\/#\/schema\/person\/43948900dc1ce0e77b8b30c7ff0d3c5d"},"headline":"Kampagne \u201eSaksalla maaliin \u201c setzt sich f\u00fcr die A1-Sprache ein \u2013 Fu\u00dfballer Lukas Hradeck\u00fd Gesicht der Sprachkampagne","datePublished":"2025-12-05T08:51:56+00:00","dateModified":"2025-12-05T08:51:58+00:00","mainEntityOfPage":{"@id":"https:\/\/www.aue-stiftung.org\/de\/ajankohtaista\/kampagne-saksalla-maaliin-setzt-sich-fuer-die-a1-sprache-ein-fussballer-lukas-hradecky-gesicht-der-sprachkampagne\/"},"wordCount":217,"publisher":{"@id":"https:\/\/www.aue-stiftung.org\/de\/#organization"},"image":{"@id":"https:\/\/www.aue-stiftung.org\/de\/ajankohtaista\/kampagne-saksalla-maaliin-setzt-sich-fuer-die-a1-sprache-ein-fussballer-lukas-hradecky-gesicht-der-sprachkampagne\/#primaryimage"},"thumbnailUrl":"https:\/\/www.aue-stiftung.org\/wp-content\/uploads\/2025\/12\/thumbnail_saksallamaaliin-kansikuva-720x1280.jpg","keywords":["A1-Sprache","deutsche sprache","Deutschunterricht","Lukas Hradeck\u00fd","Sprachkampagne","Sprachunterricht"],"articleSection":["Unkategorisiert"],"inLanguage":"de"},{"@type":"WebPage","@id":"https:\/\/www.aue-stiftung.org\/de\/ajankohtaista\/kampagne-saksalla-maaliin-setzt-sich-fuer-die-a1-sprache-ein-fussballer-lukas-hradecky-gesicht-der-sprachkampagne\/","url":"https:\/\/www.aue-stiftung.org\/de\/ajankohtaista\/kampagne-saksalla-maaliin-setzt-sich-fuer-die-a1-sprache-ein-fussballer-lukas-hradecky-gesicht-der-sprachkampagne\/","name":"Kampagne \u201eSaksalla maaliin \u201c setzt sich f\u00fcr die A1-Sprache ein \u2013 Fu\u00dfballer Lukas Hradeck\u00fd Gesicht der Sprachkampagne &#183; Aue-Stiftung","isPartOf":{"@id":"https:\/\/www.aue-stiftung.org\/de\/#website"},"primaryImageOfPage":{"@id":"https:\/\/www.aue-stiftung.org\/de\/ajankohtaista\/kampagne-saksalla-maaliin-setzt-sich-fuer-die-a1-sprache-ein-fussballer-lukas-hradecky-gesicht-der-sprachkampagne\/#primaryimage"},"image":{"@id":"https:\/\/www.aue-stiftung.org\/de\/ajankohtaista\/kampagne-saksalla-maaliin-setzt-sich-fuer-die-a1-sprache-ein-fussballer-lukas-hradecky-gesicht-der-sprachkampagne\/#primaryimage"},"thumbnailUrl":"https:\/\/www.aue-stiftung.org\/wp-content\/uploads\/2025\/12\/thumbnail_saksallamaaliin-kansikuva-720x1280.jpg","datePublished":"2025-12-05T08:51:56+00:00","dateModified":"2025-12-05T08:51:58+00:00","breadcrumb":{"@id":"https:\/\/www.aue-stiftung.org\/de\/ajankohtaista\/kampagne-saksalla-maaliin-setzt-sich-fuer-die-a1-sprache-ein-fussballer-lukas-hradecky-gesicht-der-sprachkampagne\/#breadcrumb"},"inLanguage":"de","potentialAction":[{"@type":"ReadAction","target":["https:\/\/www.aue-stiftung.org\/de\/ajankohtaista\/kampagne-saksalla-maaliin-setzt-sich-fuer-die-a1-sprache-ein-fussballer-lukas-hradecky-gesicht-der-sprachkampagne\/"]}]},{"@type":"ImageObject","inLanguage":"de","@id":"https:\/\/www.aue-stiftung.org\/de\/ajankohtaista\/kampagne-saksalla-maaliin-setzt-sich-fuer-die-a1-sprache-ein-fussballer-lukas-hradecky-gesicht-der-sprachkampagne\/#primaryimage","url":"https:\/\/www.aue-stiftung.org\/wp-content\/uploads\/2025\/12\/thumbnail_saksallamaaliin-kansikuva-720x1280.jpg","contentUrl":"https:\/\/www.aue-stiftung.org\/wp-content\/uploads\/2025\/12\/thumbnail_saksallamaaliin-kansikuva-720x1280.jpg"},{"@type":"BreadcrumbList","@id":"https:\/\/www.aue-stiftung.org\/de\/ajankohtaista\/kampagne-saksalla-maaliin-setzt-sich-fuer-die-a1-sprache-ein-fussballer-lukas-hradecky-gesicht-der-sprachkampagne\/#breadcrumb","itemListElement":[{"@type":"ListItem","position":1,"name":"Home","item":"https:\/\/www.aue-stiftung.org\/de\/"},{"@type":"ListItem","position":2,"name":"Kampagne \u201eSaksalla maaliin \u201c setzt sich f\u00fcr die A1-Sprache ein \u2013 Fu\u00dfballer Lukas Hradeck\u00fd Gesicht der Sprachkampagne"}]},{"@type":"WebSite","@id":"https:\/\/www.aue-stiftung.org\/de\/#website","url":"https:\/\/www.aue-stiftung.org\/de\/","name":"Aue-Stiftung","description":"","publisher":{"@id":"https:\/\/www.aue-stiftung.org\/de\/#organization"},"potentialAction":[{"@type":"SearchAction","target":{"@type":"EntryPoint","urlTemplate":"https:\/\/www.aue-stiftung.org\/de\/?s={search_term_string}"},"query-input":{"@type":"PropertyValueSpecification","valueRequired":true,"valueName":"search_term_string"}}],"inLanguage":"de"},{"@type":"Organization","@id":"https:\/\/www.aue-stiftung.org\/de\/#organization","name":"Aue-S\u00e4\u00e4ti\u00f6","url":"https:\/\/www.aue-stiftung.org\/de\/","logo":{"@type":"ImageObject","inLanguage":"de","@id":"https:\/\/www.aue-stiftung.org\/de\/#\/schema\/logo\/image\/","url":"https:\/\/www.aue-stiftung.org\/wp-content\/uploads\/aue-logo-header-1.svg","contentUrl":"https:\/\/www.aue-stiftung.org\/wp-content\/uploads\/aue-logo-header-1.svg","width":61,"height":57,"caption":"Aue-S\u00e4\u00e4ti\u00f6"},"image":{"@id":"https:\/\/www.aue-stiftung.org\/de\/#\/schema\/logo\/image\/"},"sameAs":["https:\/\/www.facebook.com\/Auestiftung\/","https:\/\/www.instagram.com\/auesaatio\/","https:\/\/www.youtube.com\/channel\/UCBs3420HmSwk9w4MaRF83zA"]},{"@type":"Person","@id":"https:\/\/www.aue-stiftung.org\/de\/#\/schema\/person\/43948900dc1ce0e77b8b30c7ff0d3c5d","name":"Paula Schuth","image":{"@type":"ImageObject","inLanguage":"de","@id":"https:\/\/secure.gravatar.com\/avatar\/c9da206c0024e43843edd6a5ffe309df25813dd1b1bca247a10a431428f13bb5?s=96&d=mm&r=g","url":"https:\/\/secure.gravatar.com\/avatar\/c9da206c0024e43843edd6a5ffe309df25813dd1b1bca247a10a431428f13bb5?s=96&d=mm&r=g","contentUrl":"https:\/\/secure.gravatar.com\/avatar\/c9da206c0024e43843edd6a5ffe309df25813dd1b1bca247a10a431428f13bb5?s=96&d=mm&r=g","caption":"Paula Schuth"}}]}},"_links":{"self":[{"href":"https:\/\/www.aue-stiftung.org\/de\/wp-json\/wp\/v2\/posts\/3369","targetHints":{"allow":["GET"]}}],"collection":[{"href":"https:\/\/www.aue-stiftung.org\/de\/wp-json\/wp\/v2\/posts"}],"about":[{"href":"https:\/\/www.aue-stiftung.org\/de\/wp-json\/wp\/v2\/types\/post"}],"author":[{"embeddable":true,"href":"https:\/\/www.aue-stiftung.org\/de\/wp-json\/wp\/v2\/users\/9"}],"replies":[{"embeddable":true,"href":"https:\/\/www.aue-stiftung.org\/de\/wp-json\/wp\/v2\/comments?post=3369"}],"version-history":[{"count":1,"href":"https:\/\/www.aue-stiftung.org\/de\/wp-json\/wp\/v2\/posts\/3369\/revisions"}],"predecessor-version":[{"id":3371,"href":"https:\/\/www.aue-stiftung.org\/de\/wp-json\/wp\/v2\/posts\/3369\/revisions\/3371"}],"wp:attachment":[{"href":"https:\/\/www.aue-stiftung.org\/de\/wp-json\/wp\/v2\/media?parent=3369"}],"wp:term":[{"taxonomy":"category","embeddable":true,"href":"https:\/\/www.aue-stiftung.org\/de\/wp-json\/wp\/v2\/categories?post=3369"},{"taxonomy":"post_tag","embeddable":true,"href":"https:\/\/www.aue-stiftung.org\/de\/wp-json\/wp\/v2\/tags?post=3369"}],"curies":[{"name":"wp","href":"https:\/\/api.w.org\/{rel}","templated":true}]}}