{"id":3128,"date":"2025-10-08T10:18:35","date_gmt":"2025-10-08T07:18:35","guid":{"rendered":"https:\/\/www.aue-stiftung.org\/?post_type=blog-post&#038;p=3128"},"modified":"2025-10-08T10:23:51","modified_gmt":"2025-10-08T07:23:51","slug":"ritva-koukku-ronde-aue-saation-aktiivinen-panos-suomen-100-vuotisjuhlavuoden-onnistumisessa-saksassa","status":"publish","type":"blog-post","link":"https:\/\/www.aue-stiftung.org\/sv\/blog\/ritva-koukku-ronde-aue-saation-aktiivinen-panos-suomen-100-vuotisjuhlavuoden-onnistumisessa-saksassa\/","title":{"rendered":"Ritva Koukku-Ronde: Aue-s\u00e4\u00e4ti\u00f6n aktiivinen panos Suomen 100-vuotisjuhlavuoden onnistumisessa Saksassa"},"content":{"rendered":"\n<figure class=\"wp-block-image size-large\"><img loading=\"lazy\" decoding=\"async\" width=\"1280\" height=\"320\" src=\"https:\/\/www.aue-stiftung.org\/wp-content\/uploads\/2025\/01\/Aue-40-LI-Banner-1280x320.png\" alt=\"\" class=\"wp-image-2865\" srcset=\"https:\/\/www.aue-stiftung.org\/wp-content\/uploads\/2025\/01\/Aue-40-LI-Banner-1280x320.png 1280w, https:\/\/www.aue-stiftung.org\/wp-content\/uploads\/2025\/01\/Aue-40-LI-Banner-640x160.png 640w, https:\/\/www.aue-stiftung.org\/wp-content\/uploads\/2025\/01\/Aue-40-LI-Banner-768x192.png 768w, https:\/\/www.aue-stiftung.org\/wp-content\/uploads\/2025\/01\/Aue-40-LI-Banner-1536x384.png 1536w, https:\/\/www.aue-stiftung.org\/wp-content\/uploads\/2025\/01\/Aue-40-LI-Banner.png 1584w\" sizes=\"auto, (max-width: 1280px) 100vw, 1280px\" \/><\/figure>\n\n\n\n<p><em>Aue-S\u00e4\u00e4ti\u00f6 t\u00e4ytt\u00e4\u00e4 40 vuotta. T\u00e4m\u00e4 blogiteksti on osa juhlavuoden postaussarjaa, jossa s\u00e4\u00e4ti\u00f6n yst\u00e4v\u00e4t ja sidosryhm\u00e4t jakavat muistojaan s\u00e4\u00e4ti\u00f6n ihmisist\u00e4, aktiviteeteista ja aikaansaannoksista.<\/em><\/p>\n\n\n\n<p>Suomen ja Saksan suhteiden edist\u00e4misess\u00e4 ja syvent\u00e4misess\u00e4 Aue-s\u00e4\u00e4ti\u00f6ll\u00e4 on ollut t\u00e4rke\u00e4 rooli. T\u00e4st\u00e4 hyv\u00e4 esimerkki oli Aue-s\u00e4\u00e4ti\u00f6n aktiivinen toiminta Saksassa Suomen itsen\u00e4isyyden 100-vuotisjuhlavuonna 2017.<\/p>\n\n\n\n<p>Aue-s\u00e4\u00e4ti\u00f6 j\u00e4rjesti parikymment\u00e4 tilaisuutta eri puolilla Saksaa ja saksankielist\u00e4 Eurooppaa <strong>100 Jahre Finnland &#8211; vivace, crescendo<\/strong> -teemalla. Oli konsertteja ja keskustelutilaisuuksia. Tilaisuuksien teemoina olivat suomalainen musiikkia, kulttuuri laajemmin sek\u00e4 historia, erityisesti Suomen ja Saksan suhteet.<\/p>\n\n\n\n<p>Mainiona tukena tilaisuuksien pit\u00e4misess\u00e4 olivat Aue-s\u00e4\u00e4ti\u00f6n juhlavuonna kustantamat saksankieliset k\u00e4\u00e4nn\u00f6kset Vesa Sir\u00e9nin teoksesta Suomalaiset kapellimestarit, Finnlands Dirigenten sek\u00e4 professori Henrik Meinanderin <em>Suomen historia, Finnlands Geschichte: Linien, Strukturen, Wendepunkte<\/em>. N\u00e4it\u00e4 kirjoja jaettiin eri tilaisuuksissa, joissa Aue-S\u00e4\u00e4ti\u00f6 j\u00e4rjesti ohjelman (musiikkia sek\u00e4 Suomen historian esittelyn) ja paikalliset is\u00e4nt\u00e4tahot hoitivat tarjoilun.<\/p>\n\n\n\n<p><strong>Suomen Saksan suurl\u00e4hetyst\u00f6 <\/strong>teki tiiivist\u00e4 yhteisty\u00f6t\u00e4 Aue-S\u00e4\u00e4ti\u00f6n kanssa. Erityinen kiitos kuuluu silloiselle s\u00e4\u00e4ti\u00f6n hallituksen <strong>puheenjohtaja tohtori Sinikka Salolle<\/strong>, joka aktiivisesti rekrytoi Saksassa &#8211; sek\u00e4 muissa saksankielisiss\u00e4 maissa &#8211; asuvia Suomen yst\u00e4vi\u00e4 ja vaikuttajia mukaan toimintaan niin rahoittajiksi kuin tilaisuuksien is\u00e4nniksi. Sponsoroijiksi Sinikka Salo sai my\u00f6s Suomessa asuvia Saksan yst\u00e4vi\u00e4. Mukaan oli valjastettu lis\u00e4ksi Suomen Saksassa toimivat kunniakonsulit, jotka osoittautuivat suureksi voimavaraksi. Sinikka Salon aktiivisuuden ansiota oli my\u00f6s saksalaisen Scoventa -kustantamon toimitusjohtaja <strong>Sonja Hintermeierin<\/strong> kiinnostuksen her\u00e4tt\u00e4minen teosten julkaisemiseen. Sonja Hintermeier oli my\u00f6s korvaamattomana apuna useimmissa tilaisuuksissa.<\/p>\n\n\n\n<p>Todettakoon, ett\u00e4 Scoventa julkaisi my\u00f6s juhlavuoden j\u00e4lkeen mm. Seppo ja Marjaliisa Hentil\u00e4n teoksen <em>Saksalainen Suomi 1918<\/em>, Finnischer B\u00fcrgerkrieg 1918 sek\u00e4 Henrik Meinanderin teoksen <em>Suomi 1944, Finnland 1944, zwischen Hitlers Deutschland und Stalins  Sowjetunion<\/em>. Aue-s\u00e4\u00e4ti\u00f6 tuki my\u00f6s n\u00e4iden teosten k\u00e4\u00e4nt\u00e4mist\u00e4 saksan kielelle.<\/p>\n\n\n\n<p>Kaiken kaikkiaan Aue-s\u00e4\u00e4ti\u00f6n <strong>100 Jahre Finnland &#8211; vivace, crescendo<\/strong> -projekti onnistui erinomaisesti eri toimijoiden yhteisty\u00f6n\u00e4. Aue-s\u00e4\u00e4ti\u00f6n panos t\u00e4ydensi merkitt\u00e4v\u00e4ll\u00e4 tavalla suurl\u00e4hetyst\u00f6n sek\u00e4 muiden toimijoiden ty\u00f6t\u00e4 Suomen itsen\u00e4isyyden juhlavuoden onnistumisessa sek\u00e4 Suomen ja Saksan suhteiden syvent\u00e4misess\u00e4.<\/p>\n\n\n\n<p><strong>Ritva Koukku-Ronde<\/strong><br><em>Kirjoittaja toimi Suomen Saksan-suurl\u00e4hettil\u00e4\u00e4n\u00e4 vuosina 2015-2019 ja on Aue-s\u00e4\u00e4ti\u00f6n neuvottelukunnan j\u00e4sen.<\/em><\/p>\n\n\n\n<p><\/p>\n","protected":false},"template":"","categories":[],"tags":[],"class_list":["post-3128","blog-post","type-blog-post","status-publish","hentry"],"acf":[],"yoast_head":"<!-- This site is optimized with the Yoast SEO plugin v27.5 - https:\/\/yoast.com\/product\/yoast-seo-wordpress\/ -->\n<title>Ritva Koukku-Ronde: Aue-s\u00e4\u00e4ti\u00f6n aktiivinen panos Suomen 100-vuotisjuhlavuoden onnistumisessa Saksassa &#183; Aue-Stiftelsen<\/title>\n<meta name=\"robots\" content=\"index, follow, max-snippet:-1, max-image-preview:large, max-video-preview:-1\" \/>\n<link rel=\"canonical\" href=\"https:\/\/www.aue-stiftung.org\/sv\/blog\/ritva-koukku-ronde-aue-saation-aktiivinen-panos-suomen-100-vuotisjuhlavuoden-onnistumisessa-saksassa\/\" \/>\n<meta property=\"og:locale\" content=\"sv_SE\" \/>\n<meta property=\"og:type\" content=\"article\" \/>\n<meta property=\"og:title\" content=\"Ritva Koukku-Ronde: Aue-s\u00e4\u00e4ti\u00f6n aktiivinen panos Suomen 100-vuotisjuhlavuoden onnistumisessa Saksassa &#183; Aue-Stiftelsen\" \/>\n<meta property=\"og:description\" content=\"Aue-S\u00e4\u00e4ti\u00f6 t\u00e4ytt\u00e4\u00e4 40 vuotta. T\u00e4m\u00e4 blogiteksti on osa juhlavuoden postaussarjaa, jossa s\u00e4\u00e4ti\u00f6n yst\u00e4v\u00e4t ja sidosryhm\u00e4t jakavat muistojaan s\u00e4\u00e4ti\u00f6n ihmisist\u00e4, aktiviteeteista ja aikaansaannoksista. Suomen ja Saksan suhteiden edist\u00e4misess\u00e4 ja syvent\u00e4misess\u00e4 Aue-s\u00e4\u00e4ti\u00f6ll\u00e4 on ollut t\u00e4rke\u00e4 rooli. T\u00e4st\u00e4 hyv\u00e4 esimerkki oli Aue-s\u00e4\u00e4ti\u00f6n aktiivinen toiminta Saksassa Suomen itsen\u00e4isyyden 100-vuotisjuhlavuonna 2017. Aue-s\u00e4\u00e4ti\u00f6 j\u00e4rjesti parikymment\u00e4 tilaisuutta eri puolilla Saksaa ja saksankielist\u00e4 [&hellip;]\" \/>\n<meta property=\"og:url\" content=\"https:\/\/www.aue-stiftung.org\/sv\/blog\/ritva-koukku-ronde-aue-saation-aktiivinen-panos-suomen-100-vuotisjuhlavuoden-onnistumisessa-saksassa\/\" \/>\n<meta property=\"og:site_name\" content=\"Aue-Stiftelsen\" \/>\n<meta property=\"article:publisher\" content=\"https:\/\/www.facebook.com\/Auestiftung\/\" \/>\n<meta property=\"article:modified_time\" content=\"2025-10-08T07:23:51+00:00\" \/>\n<meta property=\"og:image\" content=\"https:\/\/www.aue-stiftung.org\/wp-content\/uploads\/2025\/01\/Aue-40-LI-Banner.png\" \/>\n\t<meta property=\"og:image:width\" content=\"1584\" \/>\n\t<meta property=\"og:image:height\" content=\"396\" \/>\n\t<meta property=\"og:image:type\" content=\"image\/png\" \/>\n<meta name=\"twitter:card\" content=\"summary_large_image\" \/>\n<meta name=\"twitter:label1\" content=\"Ber\u00e4knad l\u00e4stid\" \/>\n\t<meta name=\"twitter:data1\" content=\"3 minuter\" \/>\n<script type=\"application\/ld+json\" class=\"yoast-schema-graph\">{\"@context\":\"https:\\\/\\\/schema.org\",\"@graph\":[{\"@type\":\"WebPage\",\"@id\":\"https:\\\/\\\/www.aue-stiftung.org\\\/sv\\\/blog\\\/ritva-koukku-ronde-aue-saation-aktiivinen-panos-suomen-100-vuotisjuhlavuoden-onnistumisessa-saksassa\\\/\",\"url\":\"https:\\\/\\\/www.aue-stiftung.org\\\/sv\\\/blog\\\/ritva-koukku-ronde-aue-saation-aktiivinen-panos-suomen-100-vuotisjuhlavuoden-onnistumisessa-saksassa\\\/\",\"name\":\"Ritva Koukku-Ronde: Aue-s\u00e4\u00e4ti\u00f6n aktiivinen panos Suomen 100-vuotisjuhlavuoden onnistumisessa Saksassa &#183; Aue-Stiftelsen\",\"isPartOf\":{\"@id\":\"https:\\\/\\\/www.aue-stiftung.org\\\/sv\\\/#website\"},\"primaryImageOfPage\":{\"@id\":\"https:\\\/\\\/www.aue-stiftung.org\\\/sv\\\/blog\\\/ritva-koukku-ronde-aue-saation-aktiivinen-panos-suomen-100-vuotisjuhlavuoden-onnistumisessa-saksassa\\\/#primaryimage\"},\"image\":{\"@id\":\"https:\\\/\\\/www.aue-stiftung.org\\\/sv\\\/blog\\\/ritva-koukku-ronde-aue-saation-aktiivinen-panos-suomen-100-vuotisjuhlavuoden-onnistumisessa-saksassa\\\/#primaryimage\"},\"thumbnailUrl\":\"https:\\\/\\\/www.aue-stiftung.org\\\/wp-content\\\/uploads\\\/2025\\\/01\\\/Aue-40-LI-Banner-1280x320.png\",\"datePublished\":\"2025-10-08T07:18:35+00:00\",\"dateModified\":\"2025-10-08T07:23:51+00:00\",\"breadcrumb\":{\"@id\":\"https:\\\/\\\/www.aue-stiftung.org\\\/sv\\\/blog\\\/ritva-koukku-ronde-aue-saation-aktiivinen-panos-suomen-100-vuotisjuhlavuoden-onnistumisessa-saksassa\\\/#breadcrumb\"},\"inLanguage\":\"sv-SE\",\"potentialAction\":[{\"@type\":\"ReadAction\",\"target\":[\"https:\\\/\\\/www.aue-stiftung.org\\\/sv\\\/blog\\\/ritva-koukku-ronde-aue-saation-aktiivinen-panos-suomen-100-vuotisjuhlavuoden-onnistumisessa-saksassa\\\/\"]}]},{\"@type\":\"ImageObject\",\"inLanguage\":\"sv-SE\",\"@id\":\"https:\\\/\\\/www.aue-stiftung.org\\\/sv\\\/blog\\\/ritva-koukku-ronde-aue-saation-aktiivinen-panos-suomen-100-vuotisjuhlavuoden-onnistumisessa-saksassa\\\/#primaryimage\",\"url\":\"https:\\\/\\\/www.aue-stiftung.org\\\/wp-content\\\/uploads\\\/2025\\\/01\\\/Aue-40-LI-Banner-1280x320.png\",\"contentUrl\":\"https:\\\/\\\/www.aue-stiftung.org\\\/wp-content\\\/uploads\\\/2025\\\/01\\\/Aue-40-LI-Banner-1280x320.png\"},{\"@type\":\"BreadcrumbList\",\"@id\":\"https:\\\/\\\/www.aue-stiftung.org\\\/sv\\\/blog\\\/ritva-koukku-ronde-aue-saation-aktiivinen-panos-suomen-100-vuotisjuhlavuoden-onnistumisessa-saksassa\\\/#breadcrumb\",\"itemListElement\":[{\"@type\":\"ListItem\",\"position\":1,\"name\":\"Home\",\"item\":\"https:\\\/\\\/www.aue-stiftung.org\\\/sv\\\/\"},{\"@type\":\"ListItem\",\"position\":2,\"name\":\"Blog\",\"item\":\"https:\\\/\\\/www.aue-stiftung.org\\\/sv\\\/blog\\\/\"},{\"@type\":\"ListItem\",\"position\":3,\"name\":\"Ritva Koukku-Ronde: Aue-s\u00e4\u00e4ti\u00f6n aktiivinen panos Suomen 100-vuotisjuhlavuoden onnistumisessa Saksassa\"}]},{\"@type\":\"WebSite\",\"@id\":\"https:\\\/\\\/www.aue-stiftung.org\\\/sv\\\/#website\",\"url\":\"https:\\\/\\\/www.aue-stiftung.org\\\/sv\\\/\",\"name\":\"Aue-Stiftelsen\",\"description\":\"\",\"publisher\":{\"@id\":\"https:\\\/\\\/www.aue-stiftung.org\\\/sv\\\/#organization\"},\"potentialAction\":[{\"@type\":\"SearchAction\",\"target\":{\"@type\":\"EntryPoint\",\"urlTemplate\":\"https:\\\/\\\/www.aue-stiftung.org\\\/sv\\\/?s={search_term_string}\"},\"query-input\":{\"@type\":\"PropertyValueSpecification\",\"valueRequired\":true,\"valueName\":\"search_term_string\"}}],\"inLanguage\":\"sv-SE\"},{\"@type\":\"Organization\",\"@id\":\"https:\\\/\\\/www.aue-stiftung.org\\\/sv\\\/#organization\",\"name\":\"Aue-S\u00e4\u00e4ti\u00f6\",\"url\":\"https:\\\/\\\/www.aue-stiftung.org\\\/sv\\\/\",\"logo\":{\"@type\":\"ImageObject\",\"inLanguage\":\"sv-SE\",\"@id\":\"https:\\\/\\\/www.aue-stiftung.org\\\/sv\\\/#\\\/schema\\\/logo\\\/image\\\/\",\"url\":\"https:\\\/\\\/www.aue-stiftung.org\\\/wp-content\\\/uploads\\\/aue-logo-header-1.svg\",\"contentUrl\":\"https:\\\/\\\/www.aue-stiftung.org\\\/wp-content\\\/uploads\\\/aue-logo-header-1.svg\",\"width\":61,\"height\":57,\"caption\":\"Aue-S\u00e4\u00e4ti\u00f6\"},\"image\":{\"@id\":\"https:\\\/\\\/www.aue-stiftung.org\\\/sv\\\/#\\\/schema\\\/logo\\\/image\\\/\"},\"sameAs\":[\"https:\\\/\\\/www.facebook.com\\\/Auestiftung\\\/\",\"https:\\\/\\\/www.instagram.com\\\/auesaatio\\\/\",\"https:\\\/\\\/www.youtube.com\\\/channel\\\/UCBs3420HmSwk9w4MaRF83zA\"]}]}<\/script>\n<!-- \/ Yoast SEO plugin. -->","yoast_head_json":{"title":"Ritva Koukku-Ronde: Aue-s\u00e4\u00e4ti\u00f6n aktiivinen panos Suomen 100-vuotisjuhlavuoden onnistumisessa Saksassa &#183; Aue-Stiftelsen","robots":{"index":"index","follow":"follow","max-snippet":"max-snippet:-1","max-image-preview":"max-image-preview:large","max-video-preview":"max-video-preview:-1"},"canonical":"https:\/\/www.aue-stiftung.org\/sv\/blog\/ritva-koukku-ronde-aue-saation-aktiivinen-panos-suomen-100-vuotisjuhlavuoden-onnistumisessa-saksassa\/","og_locale":"sv_SE","og_type":"article","og_title":"Ritva Koukku-Ronde: Aue-s\u00e4\u00e4ti\u00f6n aktiivinen panos Suomen 100-vuotisjuhlavuoden onnistumisessa Saksassa &#183; Aue-Stiftelsen","og_description":"Aue-S\u00e4\u00e4ti\u00f6 t\u00e4ytt\u00e4\u00e4 40 vuotta. T\u00e4m\u00e4 blogiteksti on osa juhlavuoden postaussarjaa, jossa s\u00e4\u00e4ti\u00f6n yst\u00e4v\u00e4t ja sidosryhm\u00e4t jakavat muistojaan s\u00e4\u00e4ti\u00f6n ihmisist\u00e4, aktiviteeteista ja aikaansaannoksista. Suomen ja Saksan suhteiden edist\u00e4misess\u00e4 ja syvent\u00e4misess\u00e4 Aue-s\u00e4\u00e4ti\u00f6ll\u00e4 on ollut t\u00e4rke\u00e4 rooli. T\u00e4st\u00e4 hyv\u00e4 esimerkki oli Aue-s\u00e4\u00e4ti\u00f6n aktiivinen toiminta Saksassa Suomen itsen\u00e4isyyden 100-vuotisjuhlavuonna 2017. Aue-s\u00e4\u00e4ti\u00f6 j\u00e4rjesti parikymment\u00e4 tilaisuutta eri puolilla Saksaa ja saksankielist\u00e4 [&hellip;]","og_url":"https:\/\/www.aue-stiftung.org\/sv\/blog\/ritva-koukku-ronde-aue-saation-aktiivinen-panos-suomen-100-vuotisjuhlavuoden-onnistumisessa-saksassa\/","og_site_name":"Aue-Stiftelsen","article_publisher":"https:\/\/www.facebook.com\/Auestiftung\/","article_modified_time":"2025-10-08T07:23:51+00:00","og_image":[{"width":1584,"height":396,"url":"https:\/\/www.aue-stiftung.org\/wp-content\/uploads\/2025\/01\/Aue-40-LI-Banner.png","type":"image\/png"}],"twitter_card":"summary_large_image","twitter_misc":{"Ber\u00e4knad l\u00e4stid":"3 minuter"},"schema":{"@context":"https:\/\/schema.org","@graph":[{"@type":"WebPage","@id":"https:\/\/www.aue-stiftung.org\/sv\/blog\/ritva-koukku-ronde-aue-saation-aktiivinen-panos-suomen-100-vuotisjuhlavuoden-onnistumisessa-saksassa\/","url":"https:\/\/www.aue-stiftung.org\/sv\/blog\/ritva-koukku-ronde-aue-saation-aktiivinen-panos-suomen-100-vuotisjuhlavuoden-onnistumisessa-saksassa\/","name":"Ritva Koukku-Ronde: Aue-s\u00e4\u00e4ti\u00f6n aktiivinen panos Suomen 100-vuotisjuhlavuoden onnistumisessa Saksassa &#183; Aue-Stiftelsen","isPartOf":{"@id":"https:\/\/www.aue-stiftung.org\/sv\/#website"},"primaryImageOfPage":{"@id":"https:\/\/www.aue-stiftung.org\/sv\/blog\/ritva-koukku-ronde-aue-saation-aktiivinen-panos-suomen-100-vuotisjuhlavuoden-onnistumisessa-saksassa\/#primaryimage"},"image":{"@id":"https:\/\/www.aue-stiftung.org\/sv\/blog\/ritva-koukku-ronde-aue-saation-aktiivinen-panos-suomen-100-vuotisjuhlavuoden-onnistumisessa-saksassa\/#primaryimage"},"thumbnailUrl":"https:\/\/www.aue-stiftung.org\/wp-content\/uploads\/2025\/01\/Aue-40-LI-Banner-1280x320.png","datePublished":"2025-10-08T07:18:35+00:00","dateModified":"2025-10-08T07:23:51+00:00","breadcrumb":{"@id":"https:\/\/www.aue-stiftung.org\/sv\/blog\/ritva-koukku-ronde-aue-saation-aktiivinen-panos-suomen-100-vuotisjuhlavuoden-onnistumisessa-saksassa\/#breadcrumb"},"inLanguage":"sv-SE","potentialAction":[{"@type":"ReadAction","target":["https:\/\/www.aue-stiftung.org\/sv\/blog\/ritva-koukku-ronde-aue-saation-aktiivinen-panos-suomen-100-vuotisjuhlavuoden-onnistumisessa-saksassa\/"]}]},{"@type":"ImageObject","inLanguage":"sv-SE","@id":"https:\/\/www.aue-stiftung.org\/sv\/blog\/ritva-koukku-ronde-aue-saation-aktiivinen-panos-suomen-100-vuotisjuhlavuoden-onnistumisessa-saksassa\/#primaryimage","url":"https:\/\/www.aue-stiftung.org\/wp-content\/uploads\/2025\/01\/Aue-40-LI-Banner-1280x320.png","contentUrl":"https:\/\/www.aue-stiftung.org\/wp-content\/uploads\/2025\/01\/Aue-40-LI-Banner-1280x320.png"},{"@type":"BreadcrumbList","@id":"https:\/\/www.aue-stiftung.org\/sv\/blog\/ritva-koukku-ronde-aue-saation-aktiivinen-panos-suomen-100-vuotisjuhlavuoden-onnistumisessa-saksassa\/#breadcrumb","itemListElement":[{"@type":"ListItem","position":1,"name":"Home","item":"https:\/\/www.aue-stiftung.org\/sv\/"},{"@type":"ListItem","position":2,"name":"Blog","item":"https:\/\/www.aue-stiftung.org\/sv\/blog\/"},{"@type":"ListItem","position":3,"name":"Ritva Koukku-Ronde: Aue-s\u00e4\u00e4ti\u00f6n aktiivinen panos Suomen 100-vuotisjuhlavuoden onnistumisessa Saksassa"}]},{"@type":"WebSite","@id":"https:\/\/www.aue-stiftung.org\/sv\/#website","url":"https:\/\/www.aue-stiftung.org\/sv\/","name":"Aue-Stiftelsen","description":"","publisher":{"@id":"https:\/\/www.aue-stiftung.org\/sv\/#organization"},"potentialAction":[{"@type":"SearchAction","target":{"@type":"EntryPoint","urlTemplate":"https:\/\/www.aue-stiftung.org\/sv\/?s={search_term_string}"},"query-input":{"@type":"PropertyValueSpecification","valueRequired":true,"valueName":"search_term_string"}}],"inLanguage":"sv-SE"},{"@type":"Organization","@id":"https:\/\/www.aue-stiftung.org\/sv\/#organization","name":"Aue-S\u00e4\u00e4ti\u00f6","url":"https:\/\/www.aue-stiftung.org\/sv\/","logo":{"@type":"ImageObject","inLanguage":"sv-SE","@id":"https:\/\/www.aue-stiftung.org\/sv\/#\/schema\/logo\/image\/","url":"https:\/\/www.aue-stiftung.org\/wp-content\/uploads\/aue-logo-header-1.svg","contentUrl":"https:\/\/www.aue-stiftung.org\/wp-content\/uploads\/aue-logo-header-1.svg","width":61,"height":57,"caption":"Aue-S\u00e4\u00e4ti\u00f6"},"image":{"@id":"https:\/\/www.aue-stiftung.org\/sv\/#\/schema\/logo\/image\/"},"sameAs":["https:\/\/www.facebook.com\/Auestiftung\/","https:\/\/www.instagram.com\/auesaatio\/","https:\/\/www.youtube.com\/channel\/UCBs3420HmSwk9w4MaRF83zA"]}]}},"_links":{"self":[{"href":"https:\/\/www.aue-stiftung.org\/sv\/wp-json\/wp\/v2\/blog-post\/3128","targetHints":{"allow":["GET"]}}],"collection":[{"href":"https:\/\/www.aue-stiftung.org\/sv\/wp-json\/wp\/v2\/blog-post"}],"about":[{"href":"https:\/\/www.aue-stiftung.org\/sv\/wp-json\/wp\/v2\/types\/blog-post"}],"version-history":[{"count":3,"href":"https:\/\/www.aue-stiftung.org\/sv\/wp-json\/wp\/v2\/blog-post\/3128\/revisions"}],"predecessor-version":[{"id":3132,"href":"https:\/\/www.aue-stiftung.org\/sv\/wp-json\/wp\/v2\/blog-post\/3128\/revisions\/3132"}],"wp:attachment":[{"href":"https:\/\/www.aue-stiftung.org\/sv\/wp-json\/wp\/v2\/media?parent=3128"}],"wp:term":[{"taxonomy":"category","embeddable":true,"href":"https:\/\/www.aue-stiftung.org\/sv\/wp-json\/wp\/v2\/categories?post=3128"},{"taxonomy":"post_tag","embeddable":true,"href":"https:\/\/www.aue-stiftung.org\/sv\/wp-json\/wp\/v2\/tags?post=3128"}],"curies":[{"name":"wp","href":"https:\/\/api.w.org\/{rel}","templated":true}]}}